{"id":1813,"date":"2019-04-07T17:15:59","date_gmt":"2019-04-07T15:15:59","guid":{"rendered":"https:\/\/www.at2serveis.com\/las-obras-de-la-nueva-clinica-girona-avanzan-a-buen-ritmo\/"},"modified":"2025-04-10T13:25:52","modified_gmt":"2025-04-10T11:25:52","slug":"las-obras-de-la-nueva-clinica-girona-avanzan-a-buen-ritmo","status":"publish","type":"post","link":"https:\/\/www.at2serveis.com\/es\/las-obras-de-la-nueva-clinica-girona-avanzan-a-buen-ritmo\/","title":{"rendered":"Las obras de la nueva Cl\u00ednica Girona avanzan a buen ritmo"},"content":{"rendered":"<p>Las obras de construcci\u00f3n de la nueva Cl\u00ednica Girona en la entrada sur de la ciudad avanzan a buen ritmo. A las puertas de la primavera de 2019 est\u00e1n casi terminadas las mamparas que delimitan el per\u00edmetro del futuro edificio as\u00ed como gran parte de la viga de coronaci\u00f3n del mismo, con la que ser\u00e1 posible continuar con la siguiente fase de vaciado. tierra.<\/p>\n<p>En febrero de 2018 se inici\u00f3 el derribo de los antiguos almacenes existentes en el solar y la limpieza y urbanizaci\u00f3n de la zona. Esta fase previa de demolici\u00f3n de las naves industriales, limpieza o urbanizaci\u00f3n del terreno, dur\u00f3 varios meses y se realiz\u00f3 con mayor lentitud de lo habitual debido a la existencia de fibrocemento (uralita) en los techos de algunos de los barcos, lo que oblig\u00f3 a realizar estas obras con medidas especiales. Tambi\u00e9n se retras\u00f3 unos meses para poder derribar los barcos que se encontraban junto a las v\u00edas del tren, debido al retraso en los permisos por parte de ADIF, que s\u00f3lo permiti\u00f3 que estas obras se realizaran en un periodo de tiempo muy limitado y ma\u00f1ana. La maquinaria pesada no empez\u00f3 a entrar hasta despu\u00e9s del verano y a finales de 2018 comenzaron correctamente las obras de construcci\u00f3n de la nueva Cl\u00ednica Girona.<\/p>\n<p>En estos primeros meses de 2019 se est\u00e1 llevando a cabo la fase de cimentaci\u00f3n, actualmente en curso. El proyecto arquitect\u00f3nico de la futura Cl\u00ednica Girona est\u00e1 firmado por <a href=\"https:\/\/www.pmmtarq.com\/es\/proyectos\/clinica-girona\">PMMT arquitectos<\/a>. Ser\u00e1 un edificio grande con tres plantas subterraneas y siete sobre el nivel del suelo en el lado que da a la calle Barcelona y cinco al otro lado de la carretera.<\/p>\n<p>Tal y como describe PMMT: \u201cSe decide construir un nuevo edificio en la misma ciudad que ampliar\u00e1 enormemente la superficie de la actual Cl\u00ednica Girona, que pasar\u00e1 de unos 13.000 m2 a 41.000 m2. Ampliar\u00e1 todos los servicios, convirti\u00e9ndose en una cl\u00ednica de referencia en Catalu\u00f1a. Esta nueva cl\u00ednica contar\u00e1 con servicios como salas de emergencia, di\u00e1lisis, un servicio ejemplar de diagn\u00f3stico por im\u00e1genes, con 16 salas de imagen, consultas externas, fertilizaci\u00f3n asistida, anatom\u00eda patol\u00f3gica, rehabilitaci\u00f3n, laboratorios, oftalmolog\u00eda, quir\u00f3fanos, bloque obst\u00e9trico, d\u00eda hospitalario, angiograf\u00eda, endoscopia, UCI, unidades de hospitalizaci\u00f3n y todos los servicios generales necesarios para el funcionamiento de la cl\u00ednica como farmacia, cocina, limpieza, esterilizaci\u00f3n, almacenes, etc.\u201d<\/p>\n<p>Las obras de construcci\u00f3n de la nueva Cl\u00ednica Girona son obra de la UTE liderada por <a href=\"http:\/\/www.rubau.com\/ca\/\">Construcciones Rubau<\/a>, junto con <a href=\"http:\/\/www.grupoortiz.com\/\">Ortiz<\/a> y <a href=\"https:\/\/www.agefred.es\/?lang=ca\">Agefred<\/a>. La gesti\u00f3n de la ejecuci\u00f3n de la obra y el control de calidad y seguridad y salud est\u00e1 a cargo de la empresa de arquitectura t\u00e9cnica <a href=\"https:\/\/www.at2serveis.com\/index.php?lang=3\">AT2 Serveis<\/a>. Tanto la demolici\u00f3n de los barcos como toda la parte de movimiento de tierras est\u00e1n a cargo de <a href=\"http:\/\/www.transportsmateu.cat\/\">Transports Mateu<\/a>. Y all\u00ed tambi\u00e9n trabajan otras empresas especializadas, como <a href=\"http:\/\/www.terratest.com\/home.html\">Terratest<\/a>, que se encarga de la parte de cimentaci\u00f3n y mamparas, o <a href=\"http:\/\/www.bisstructures.com\/ca\/\">Bis Estructuras<\/a>, en todo lo que se refiere a la estructura del edificio.<\/p>\n<p>La nueva infraestructura debe estar terminada a finales de 2020.<\/p>\n<p><a href=\"https:\/\/clinicagirona.cat\/wp-content\/uploads\/2019\/04\/DdG-Salut-2019_CG.pdf\" target=\"_blank\" rel=\"noopener\"><img fetchpriority=\"high\" decoding=\"async\" class=\"alignnone wp-image-13328 size-full lazyloaded\" src=\"https:\/\/clinicagirona.cat\/wp-content\/uploads\/2019\/04\/clinica-girona-espe-ddg.jpg\" sizes=\"(max-width: 916px) 100vw, 916px\" srcset=\"https:\/\/clinicagirona.cat\/wp-content\/uploads\/2019\/04\/clinica-girona-espe-ddg.jpg 916w, https:\/\/clinicagirona.cat\/wp-content\/uploads\/2019\/04\/clinica-girona-espe-ddg-300x193.jpg 300w, https:\/\/clinicagirona.cat\/wp-content\/uploads\/2019\/04\/clinica-girona-espe-ddg-768x493.jpg 768w\" alt=\"\" width=\"916\" height=\"588\" data-ll-status=\"loaded\" \/><\/a><\/p>\n","protected":false},"excerpt":{"rendered":"<p>Las obras de construcci\u00f3n de la nueva Cl\u00ednica Girona en la entrada sur de la ciudad avanzan a buen ritmo. A las puertas de la primavera de 2019 est\u00e1n casi terminadas las mamparas que delimitan el per\u00edmetro del futuro edificio as\u00ed como gran parte de la viga de coronaci\u00f3n del mismo, con la que ser\u00e1&hellip;&nbsp;<a href=\"https:\/\/www.at2serveis.com\/es\/las-obras-de-la-nueva-clinica-girona-avanzan-a-buen-ritmo\/\" rel=\"bookmark\">Leer m\u00e1s &raquo;<span class=\"screen-reader-text\">Las obras de la nueva Cl\u00ednica Girona avanzan a buen ritmo<\/span><\/a><\/p>\n","protected":false},"author":1,"featured_media":1588,"comment_status":"closed","ping_status":"closed","sticky":false,"template":"","format":"standard","meta":{"_acf_changed":false,"neve_meta_sidebar":"","neve_meta_container":"","neve_meta_enable_content_width":"off","neve_meta_content_width":70,"neve_meta_title_alignment":"","neve_meta_author_avatar":"","neve_post_elements_order":"","neve_meta_disable_header":"","neve_meta_disable_footer":"","neve_meta_disable_title":"","footnotes":""},"categories":[21],"tags":[],"class_list":["post-1813","post","type-post","status-publish","format-standard","has-post-thumbnail","hentry","category-sin-categorizar"],"acf":[],"yoast_head":"<!-- This site is optimized with the Yoast SEO plugin v25.5 - https:\/\/yoast.com\/wordpress\/plugins\/seo\/ -->\n<title>Las obras de la nueva Cl\u00ednica Girona avanzan a buen ritmo<\/title>\n<meta name=\"description\" content=\"Las obras de construcci\u00f3n de la nueva Cl\u00ednica Girona en la entrada Sur de la ciudad avanzan a buen ritmo, a las puertas de la primavera 2019.\" \/>\n<meta name=\"robots\" content=\"index, follow, max-snippet:-1, max-image-preview:large, max-video-preview:-1\" \/>\n<link rel=\"canonical\" href=\"https:\/\/www.at2serveis.com\/es\/las-obras-de-la-nueva-clinica-girona-avanzan-a-buen-ritmo\/\" \/>\n<meta property=\"og:locale\" content=\"es_ES\" \/>\n<meta property=\"og:type\" content=\"article\" \/>\n<meta property=\"og:title\" content=\"Las obras de la nueva Cl\u00ednica Girona avanzan a buen ritmo\" \/>\n<meta property=\"og:description\" content=\"Las obras de construcci\u00f3n de la nueva Cl\u00ednica Girona en la entrada Sur de la ciudad avanzan a buen ritmo, a las puertas de la primavera 2019.\" \/>\n<meta property=\"og:url\" content=\"https:\/\/www.at2serveis.com\/es\/las-obras-de-la-nueva-clinica-girona-avanzan-a-buen-ritmo\/\" \/>\n<meta property=\"og:site_name\" content=\"AT2 SERVEIS\" \/>\n<meta property=\"article:published_time\" content=\"2019-04-07T15:15:59+00:00\" \/>\n<meta property=\"article:modified_time\" content=\"2025-04-10T11:25:52+00:00\" \/>\n<meta property=\"og:image\" content=\"https:\/\/www.at2serveis.com\/wp-content\/uploads\/2019\/04\/Obres-Clinica-Girona.jpg\" \/>\n\t<meta property=\"og:image:width\" content=\"1600\" \/>\n\t<meta property=\"og:image:height\" content=\"900\" \/>\n\t<meta property=\"og:image:type\" content=\"image\/jpeg\" \/>\n<meta name=\"author\" content=\"Neorg\" \/>\n<meta name=\"twitter:card\" content=\"summary_large_image\" \/>\n<meta name=\"twitter:label1\" content=\"Escrito por\" \/>\n\t<meta name=\"twitter:data1\" content=\"Neorg\" \/>\n\t<meta name=\"twitter:label2\" content=\"Tiempo de lectura\" \/>\n\t<meta name=\"twitter:data2\" content=\"4 minutos\" \/>\n<script type=\"application\/ld+json\" class=\"yoast-schema-graph\">{\"@context\":\"https:\/\/schema.org\",\"@graph\":[{\"@type\":\"Article\",\"@id\":\"https:\/\/www.at2serveis.com\/es\/las-obras-de-la-nueva-clinica-girona-avanzan-a-buen-ritmo\/#article\",\"isPartOf\":{\"@id\":\"https:\/\/www.at2serveis.com\/es\/las-obras-de-la-nueva-clinica-girona-avanzan-a-buen-ritmo\/\"},\"author\":{\"name\":\"Neorg\",\"@id\":\"https:\/\/www.at2serveis.com\/es\/#\/schema\/person\/d880ccf36e33aafb9c1149c50b4ead1e\"},\"headline\":\"Las obras de la nueva Cl\u00ednica Girona avanzan a buen ritmo\",\"datePublished\":\"2019-04-07T15:15:59+00:00\",\"dateModified\":\"2025-04-10T11:25:52+00:00\",\"mainEntityOfPage\":{\"@id\":\"https:\/\/www.at2serveis.com\/es\/las-obras-de-la-nueva-clinica-girona-avanzan-a-buen-ritmo\/\"},\"wordCount\":548,\"publisher\":{\"@id\":\"https:\/\/www.at2serveis.com\/es\/#organization\"},\"image\":{\"@id\":\"https:\/\/www.at2serveis.com\/es\/las-obras-de-la-nueva-clinica-girona-avanzan-a-buen-ritmo\/#primaryimage\"},\"thumbnailUrl\":\"https:\/\/www.at2serveis.com\/wp-content\/uploads\/2019\/04\/Obres-Clinica-Girona.jpg\",\"articleSection\":[\"Sin categorizar\"],\"inLanguage\":\"es\"},{\"@type\":\"WebPage\",\"@id\":\"https:\/\/www.at2serveis.com\/es\/las-obras-de-la-nueva-clinica-girona-avanzan-a-buen-ritmo\/\",\"url\":\"https:\/\/www.at2serveis.com\/es\/las-obras-de-la-nueva-clinica-girona-avanzan-a-buen-ritmo\/\",\"name\":\"Las obras de la nueva Cl\u00ednica Girona avanzan a buen ritmo\",\"isPartOf\":{\"@id\":\"https:\/\/www.at2serveis.com\/es\/#website\"},\"primaryImageOfPage\":{\"@id\":\"https:\/\/www.at2serveis.com\/es\/las-obras-de-la-nueva-clinica-girona-avanzan-a-buen-ritmo\/#primaryimage\"},\"image\":{\"@id\":\"https:\/\/www.at2serveis.com\/es\/las-obras-de-la-nueva-clinica-girona-avanzan-a-buen-ritmo\/#primaryimage\"},\"thumbnailUrl\":\"https:\/\/www.at2serveis.com\/wp-content\/uploads\/2019\/04\/Obres-Clinica-Girona.jpg\",\"datePublished\":\"2019-04-07T15:15:59+00:00\",\"dateModified\":\"2025-04-10T11:25:52+00:00\",\"description\":\"Las obras de construcci\u00f3n de la nueva Cl\u00ednica Girona en la entrada Sur de la ciudad avanzan a buen ritmo, a las puertas de la primavera 2019.\",\"breadcrumb\":{\"@id\":\"https:\/\/www.at2serveis.com\/es\/las-obras-de-la-nueva-clinica-girona-avanzan-a-buen-ritmo\/#breadcrumb\"},\"inLanguage\":\"es\",\"potentialAction\":[{\"@type\":\"ReadAction\",\"target\":[\"https:\/\/www.at2serveis.com\/es\/las-obras-de-la-nueva-clinica-girona-avanzan-a-buen-ritmo\/\"]}]},{\"@type\":\"ImageObject\",\"inLanguage\":\"es\",\"@id\":\"https:\/\/www.at2serveis.com\/es\/las-obras-de-la-nueva-clinica-girona-avanzan-a-buen-ritmo\/#primaryimage\",\"url\":\"https:\/\/www.at2serveis.com\/wp-content\/uploads\/2019\/04\/Obres-Clinica-Girona.jpg\",\"contentUrl\":\"https:\/\/www.at2serveis.com\/wp-content\/uploads\/2019\/04\/Obres-Clinica-Girona.jpg\",\"width\":1600,\"height\":900,\"caption\":\"es obres de la nova Cl\u00ednica Girona avancen a bon ritme\"},{\"@type\":\"BreadcrumbList\",\"@id\":\"https:\/\/www.at2serveis.com\/es\/las-obras-de-la-nueva-clinica-girona-avanzan-a-buen-ritmo\/#breadcrumb\",\"itemListElement\":[{\"@type\":\"ListItem\",\"position\":1,\"name\":\"Inici\",\"item\":\"https:\/\/www.at2serveis.com\/es\/home\/\"},{\"@type\":\"ListItem\",\"position\":2,\"name\":\"Las obras de la nueva Cl\u00ednica Girona avanzan a buen ritmo\"}]},{\"@type\":\"WebSite\",\"@id\":\"https:\/\/www.at2serveis.com\/es\/#website\",\"url\":\"https:\/\/www.at2serveis.com\/es\/\",\"name\":\"AT2 SERVEIS\",\"description\":\"Direcci\u00f3 i gesti\u00f3 d&#039;obra\",\"publisher\":{\"@id\":\"https:\/\/www.at2serveis.com\/es\/#organization\"},\"alternateName\":\"AT2 SERVEIS - Gesti\u00f3 en edificaci\u00f3\",\"potentialAction\":[{\"@type\":\"SearchAction\",\"target\":{\"@type\":\"EntryPoint\",\"urlTemplate\":\"https:\/\/www.at2serveis.com\/es\/?s={search_term_string}\"},\"query-input\":{\"@type\":\"PropertyValueSpecification\",\"valueRequired\":true,\"valueName\":\"search_term_string\"}}],\"inLanguage\":\"es\"},{\"@type\":\"Organization\",\"@id\":\"https:\/\/www.at2serveis.com\/es\/#organization\",\"name\":\"AT2 SERVEIS\",\"alternateName\":\"AT2 SERVEIS - Gesti\u00f3 en edificaci\u00f3\",\"url\":\"https:\/\/www.at2serveis.com\/es\/\",\"logo\":{\"@type\":\"ImageObject\",\"inLanguage\":\"es\",\"@id\":\"https:\/\/www.at2serveis.com\/es\/#\/schema\/logo\/image\/\",\"url\":\"https:\/\/www.at2serveis.com\/wp-content\/uploads\/2024\/11\/AT2-Serveis-Navicon.png\",\"contentUrl\":\"https:\/\/www.at2serveis.com\/wp-content\/uploads\/2024\/11\/AT2-Serveis-Navicon.png\",\"width\":512,\"height\":512,\"caption\":\"AT2 SERVEIS\"},\"image\":{\"@id\":\"https:\/\/www.at2serveis.com\/es\/#\/schema\/logo\/image\/\"}},{\"@type\":\"Person\",\"@id\":\"https:\/\/www.at2serveis.com\/es\/#\/schema\/person\/d880ccf36e33aafb9c1149c50b4ead1e\",\"name\":\"Neorg\",\"image\":{\"@type\":\"ImageObject\",\"inLanguage\":\"es\",\"@id\":\"https:\/\/www.at2serveis.com\/es\/#\/schema\/person\/image\/\",\"url\":\"https:\/\/secure.gravatar.com\/avatar\/8b62859790ec9b99d5af85f2fb7ca70932b367800f46b4fdf7903543fccbfd72?s=96&d=mm&r=g\",\"contentUrl\":\"https:\/\/secure.gravatar.com\/avatar\/8b62859790ec9b99d5af85f2fb7ca70932b367800f46b4fdf7903543fccbfd72?s=96&d=mm&r=g\",\"caption\":\"Neorg\"},\"sameAs\":[\"https:\/\/www.at2serveis.com\"]}]}<\/script>\n<!-- \/ Yoast SEO plugin. -->","yoast_head_json":{"title":"Las obras de la nueva Cl\u00ednica Girona avanzan a buen ritmo","description":"Las obras de construcci\u00f3n de la nueva Cl\u00ednica Girona en la entrada Sur de la ciudad avanzan a buen ritmo, a las puertas de la primavera 2019.","robots":{"index":"index","follow":"follow","max-snippet":"max-snippet:-1","max-image-preview":"max-image-preview:large","max-video-preview":"max-video-preview:-1"},"canonical":"https:\/\/www.at2serveis.com\/es\/las-obras-de-la-nueva-clinica-girona-avanzan-a-buen-ritmo\/","og_locale":"es_ES","og_type":"article","og_title":"Las obras de la nueva Cl\u00ednica Girona avanzan a buen ritmo","og_description":"Las obras de construcci\u00f3n de la nueva Cl\u00ednica Girona en la entrada Sur de la ciudad avanzan a buen ritmo, a las puertas de la primavera 2019.","og_url":"https:\/\/www.at2serveis.com\/es\/las-obras-de-la-nueva-clinica-girona-avanzan-a-buen-ritmo\/","og_site_name":"AT2 SERVEIS","article_published_time":"2019-04-07T15:15:59+00:00","article_modified_time":"2025-04-10T11:25:52+00:00","og_image":[{"width":1600,"height":900,"url":"https:\/\/www.at2serveis.com\/wp-content\/uploads\/2019\/04\/Obres-Clinica-Girona.jpg","type":"image\/jpeg"}],"author":"Neorg","twitter_card":"summary_large_image","twitter_misc":{"Escrito por":"Neorg","Tiempo de lectura":"4 minutos"},"schema":{"@context":"https:\/\/schema.org","@graph":[{"@type":"Article","@id":"https:\/\/www.at2serveis.com\/es\/las-obras-de-la-nueva-clinica-girona-avanzan-a-buen-ritmo\/#article","isPartOf":{"@id":"https:\/\/www.at2serveis.com\/es\/las-obras-de-la-nueva-clinica-girona-avanzan-a-buen-ritmo\/"},"author":{"name":"Neorg","@id":"https:\/\/www.at2serveis.com\/es\/#\/schema\/person\/d880ccf36e33aafb9c1149c50b4ead1e"},"headline":"Las obras de la nueva Cl\u00ednica Girona avanzan a buen ritmo","datePublished":"2019-04-07T15:15:59+00:00","dateModified":"2025-04-10T11:25:52+00:00","mainEntityOfPage":{"@id":"https:\/\/www.at2serveis.com\/es\/las-obras-de-la-nueva-clinica-girona-avanzan-a-buen-ritmo\/"},"wordCount":548,"publisher":{"@id":"https:\/\/www.at2serveis.com\/es\/#organization"},"image":{"@id":"https:\/\/www.at2serveis.com\/es\/las-obras-de-la-nueva-clinica-girona-avanzan-a-buen-ritmo\/#primaryimage"},"thumbnailUrl":"https:\/\/www.at2serveis.com\/wp-content\/uploads\/2019\/04\/Obres-Clinica-Girona.jpg","articleSection":["Sin categorizar"],"inLanguage":"es"},{"@type":"WebPage","@id":"https:\/\/www.at2serveis.com\/es\/las-obras-de-la-nueva-clinica-girona-avanzan-a-buen-ritmo\/","url":"https:\/\/www.at2serveis.com\/es\/las-obras-de-la-nueva-clinica-girona-avanzan-a-buen-ritmo\/","name":"Las obras de la nueva Cl\u00ednica Girona avanzan a buen ritmo","isPartOf":{"@id":"https:\/\/www.at2serveis.com\/es\/#website"},"primaryImageOfPage":{"@id":"https:\/\/www.at2serveis.com\/es\/las-obras-de-la-nueva-clinica-girona-avanzan-a-buen-ritmo\/#primaryimage"},"image":{"@id":"https:\/\/www.at2serveis.com\/es\/las-obras-de-la-nueva-clinica-girona-avanzan-a-buen-ritmo\/#primaryimage"},"thumbnailUrl":"https:\/\/www.at2serveis.com\/wp-content\/uploads\/2019\/04\/Obres-Clinica-Girona.jpg","datePublished":"2019-04-07T15:15:59+00:00","dateModified":"2025-04-10T11:25:52+00:00","description":"Las obras de construcci\u00f3n de la nueva Cl\u00ednica Girona en la entrada Sur de la ciudad avanzan a buen ritmo, a las puertas de la primavera 2019.","breadcrumb":{"@id":"https:\/\/www.at2serveis.com\/es\/las-obras-de-la-nueva-clinica-girona-avanzan-a-buen-ritmo\/#breadcrumb"},"inLanguage":"es","potentialAction":[{"@type":"ReadAction","target":["https:\/\/www.at2serveis.com\/es\/las-obras-de-la-nueva-clinica-girona-avanzan-a-buen-ritmo\/"]}]},{"@type":"ImageObject","inLanguage":"es","@id":"https:\/\/www.at2serveis.com\/es\/las-obras-de-la-nueva-clinica-girona-avanzan-a-buen-ritmo\/#primaryimage","url":"https:\/\/www.at2serveis.com\/wp-content\/uploads\/2019\/04\/Obres-Clinica-Girona.jpg","contentUrl":"https:\/\/www.at2serveis.com\/wp-content\/uploads\/2019\/04\/Obres-Clinica-Girona.jpg","width":1600,"height":900,"caption":"es obres de la nova Cl\u00ednica Girona avancen a bon ritme"},{"@type":"BreadcrumbList","@id":"https:\/\/www.at2serveis.com\/es\/las-obras-de-la-nueva-clinica-girona-avanzan-a-buen-ritmo\/#breadcrumb","itemListElement":[{"@type":"ListItem","position":1,"name":"Inici","item":"https:\/\/www.at2serveis.com\/es\/home\/"},{"@type":"ListItem","position":2,"name":"Las obras de la nueva Cl\u00ednica Girona avanzan a buen ritmo"}]},{"@type":"WebSite","@id":"https:\/\/www.at2serveis.com\/es\/#website","url":"https:\/\/www.at2serveis.com\/es\/","name":"AT2 SERVEIS","description":"Direcci\u00f3 i gesti\u00f3 d&#039;obra","publisher":{"@id":"https:\/\/www.at2serveis.com\/es\/#organization"},"alternateName":"AT2 SERVEIS - Gesti\u00f3 en edificaci\u00f3","potentialAction":[{"@type":"SearchAction","target":{"@type":"EntryPoint","urlTemplate":"https:\/\/www.at2serveis.com\/es\/?s={search_term_string}"},"query-input":{"@type":"PropertyValueSpecification","valueRequired":true,"valueName":"search_term_string"}}],"inLanguage":"es"},{"@type":"Organization","@id":"https:\/\/www.at2serveis.com\/es\/#organization","name":"AT2 SERVEIS","alternateName":"AT2 SERVEIS - Gesti\u00f3 en edificaci\u00f3","url":"https:\/\/www.at2serveis.com\/es\/","logo":{"@type":"ImageObject","inLanguage":"es","@id":"https:\/\/www.at2serveis.com\/es\/#\/schema\/logo\/image\/","url":"https:\/\/www.at2serveis.com\/wp-content\/uploads\/2024\/11\/AT2-Serveis-Navicon.png","contentUrl":"https:\/\/www.at2serveis.com\/wp-content\/uploads\/2024\/11\/AT2-Serveis-Navicon.png","width":512,"height":512,"caption":"AT2 SERVEIS"},"image":{"@id":"https:\/\/www.at2serveis.com\/es\/#\/schema\/logo\/image\/"}},{"@type":"Person","@id":"https:\/\/www.at2serveis.com\/es\/#\/schema\/person\/d880ccf36e33aafb9c1149c50b4ead1e","name":"Neorg","image":{"@type":"ImageObject","inLanguage":"es","@id":"https:\/\/www.at2serveis.com\/es\/#\/schema\/person\/image\/","url":"https:\/\/secure.gravatar.com\/avatar\/8b62859790ec9b99d5af85f2fb7ca70932b367800f46b4fdf7903543fccbfd72?s=96&d=mm&r=g","contentUrl":"https:\/\/secure.gravatar.com\/avatar\/8b62859790ec9b99d5af85f2fb7ca70932b367800f46b4fdf7903543fccbfd72?s=96&d=mm&r=g","caption":"Neorg"},"sameAs":["https:\/\/www.at2serveis.com"]}]}},"_links":{"self":[{"href":"https:\/\/www.at2serveis.com\/es\/wp-json\/wp\/v2\/posts\/1813","targetHints":{"allow":["GET"]}}],"collection":[{"href":"https:\/\/www.at2serveis.com\/es\/wp-json\/wp\/v2\/posts"}],"about":[{"href":"https:\/\/www.at2serveis.com\/es\/wp-json\/wp\/v2\/types\/post"}],"author":[{"embeddable":true,"href":"https:\/\/www.at2serveis.com\/es\/wp-json\/wp\/v2\/users\/1"}],"replies":[{"embeddable":true,"href":"https:\/\/www.at2serveis.com\/es\/wp-json\/wp\/v2\/comments?post=1813"}],"version-history":[{"count":1,"href":"https:\/\/www.at2serveis.com\/es\/wp-json\/wp\/v2\/posts\/1813\/revisions"}],"predecessor-version":[{"id":1831,"href":"https:\/\/www.at2serveis.com\/es\/wp-json\/wp\/v2\/posts\/1813\/revisions\/1831"}],"wp:featuredmedia":[{"embeddable":true,"href":"https:\/\/www.at2serveis.com\/es\/wp-json\/wp\/v2\/media\/1588"}],"wp:attachment":[{"href":"https:\/\/www.at2serveis.com\/es\/wp-json\/wp\/v2\/media?parent=1813"}],"wp:term":[{"taxonomy":"category","embeddable":true,"href":"https:\/\/www.at2serveis.com\/es\/wp-json\/wp\/v2\/categories?post=1813"},{"taxonomy":"post_tag","embeddable":true,"href":"https:\/\/www.at2serveis.com\/es\/wp-json\/wp\/v2\/tags?post=1813"}],"curies":[{"name":"wp","href":"https:\/\/api.w.org\/{rel}","templated":true}]}}