{"id":1814,"date":"2025-02-18T09:17:51","date_gmt":"2025-02-18T08:17:51","guid":{"rendered":"https:\/\/www.at2serveis.com\/la-punxa-dedica-un-monografico-a-la-nueva-clinica-girona\/"},"modified":"2025-02-18T09:17:51","modified_gmt":"2025-02-18T08:17:51","slug":"la-punxa-dedica-un-monografico-a-la-nueva-clinica-girona","status":"publish","type":"post","link":"https:\/\/www.at2serveis.com\/es\/la-punxa-dedica-un-monografico-a-la-nueva-clinica-girona\/","title":{"rendered":"\u201cLa Punxa\u201d dedica un monogr\u00e1fico a la nueva Cl\u00ednica Girona"},"content":{"rendered":"<p data-start=\"167\" data-end=\"246\">Autor: Servicio de Comunicaci\u00f3n | 12 de junio de 2020 | Colecci\u00f3n de prensa<\/p>\n<p data-start=\"248\" data-end=\"442\"><em data-start=\"248\" data-end=\"440\">En la fotograf\u00eda, de izquierda a derecha: Anabel Ros, directora de la revista La Punxa, Carles Esp\u00edgol, gerente de Cl\u00ednica Girona, y Miquel Josep Vendrell, presidente del Apparatus College<\/em><\/p>\n<p data-start=\"444\" data-end=\"942\"><strong data-start=\"444\" data-end=\"476\">Girona, 12 de junio de 2020.-<\/strong> El \u00faltimo n\u00famero de <em data-start=\"497\" data-end=\"507\">La Punxa<\/em>, revista semestral del <strong data-start=\"534\" data-end=\"617\">Col\u00b7legi d\u2019Aparelladors, Arquitectes t\u00e8cnics i Enginyers d\u2019Edificaci\u00f3 de Girona<\/strong>, dedica una monograf\u00eda a la nueva Cl\u00ednica Girona. Por ello, el tema central del n\u00famero 58 dedica tres art\u00edculos a dar una visi\u00f3n plural del proyecto, los cuales han sido elaborados por la propia Cl\u00ednica, los arquitectos que redactaron el proyecto <strong data-start=\"861\" data-end=\"881\">PMMT Arquitectes<\/strong> y los top\u00f3grafos y directores de la obra, <strong data-start=\"924\" data-end=\"939\">AT2 Serveis<\/strong>. <\/p>\n<p data-start=\"944\" data-end=\"1182\">Una vez publicada la revista, el presidente del Colegio de Aparatos, <strong data-start=\"1017\" data-end=\"1042\">Miquel Josep Vendrell<\/strong>, y la directora de la revista, <strong data-start=\"1074\" data-end=\"1088\">Anabel Ros<\/strong>, entregaron ejemplares de <em data-start=\"1121\" data-end=\"1131\">La Punxa<\/em> al gerente de Cl\u00ednica Girona, <strong data-start=\"1161\" data-end=\"1179\">Carles Esp\u00edgol<\/strong>.<\/p>\n<p data-start=\"1184\" data-end=\"1729\">Desde hace un par de a\u00f1os, el nuevo Patronato del Colegio y el Consejo Editorial han incorporado a <em data-start=\"1281\" data-end=\"1291\">La Punxa<\/em> nuevas tendencias en el sector de la construcci\u00f3n y los proyectos m\u00e1s emblem\u00e1ticos de las comarcas de Girona, siendo sensibles a los nuevos criterios de eficiencia, sostenibilidad y funcionalidad que el sector viene adoptando. Entre los contenidos del \u00faltimo n\u00famero tambi\u00e9n podr\u00e1s encontrar art\u00edculos dedicados al <strong data-start=\"1596\" data-end=\"1622\">Teatro Ode\u00f3n de Girona<\/strong>, los <strong data-start=\"1628\" data-end=\"1645\">pozos de hielo<\/strong> y una entrevista al director del <strong data-start=\"1680\" data-end=\"1712\">Museo del Juguete de Figueres<\/strong>, entre otros. <\/p>\n<p data-start=\"1731\" data-end=\"2021\">La publicaci\u00f3n, que se publica desde <strong data-start=\"1765\" data-end=\"1773\">1988<\/strong>, presenta ahora un nuevo dise\u00f1o. Los cambios afectan principalmente al estilo gr\u00e1fico, que incluye un redise\u00f1o del encabezado y da m\u00e1s protagonismo a las fotograf\u00edas, el color y la tipograf\u00eda, con el objetivo de hacer la lectura m\u00e1s f\u00e1cil y agradable.<\/p>\n<p data-start=\"2023\" data-end=\"2351\">La revista, que tiene cien p\u00e1ginas, tiene una tirada de <strong data-start=\"2091\" data-end=\"2110\">1.600 ejemplares<\/strong>, que se distribuyen entre los colegios, entidades, colaboradores y anunciantes. Adem\u00e1s, tambi\u00e9n se puede consultar y descargar desde la web del Colegio y consultar en el repositorio cooperativo <strong data-start=\"2308\" data-end=\"2318\">REGIRA<\/strong> de la <strong data-start=\"2325\" data-end=\"2348\">Diputaci\u00f3n de Girona<\/strong>.<\/p>\n","protected":false},"excerpt":{"rendered":"<p>Autor: Servicio de Comunicaci\u00f3n | 12 de junio de 2020 | Colecci\u00f3n de prensa En la fotograf\u00eda, de izquierda a derecha: Anabel Ros, directora de la revista La Punxa, Carles Esp\u00edgol, gerente de Cl\u00ednica Girona, y Miquel Josep Vendrell, presidente del Apparatus College Girona, 12 de junio de 2020.- El \u00faltimo n\u00famero de La Punxa,&hellip;&nbsp;<a href=\"https:\/\/www.at2serveis.com\/es\/la-punxa-dedica-un-monografico-a-la-nueva-clinica-girona\/\" rel=\"bookmark\">Leer m\u00e1s &raquo;<span class=\"screen-reader-text\">\u201cLa Punxa\u201d dedica un monogr\u00e1fico a la nueva Cl\u00ednica Girona<\/span><\/a><\/p>\n","protected":false},"author":1,"featured_media":1763,"comment_status":"closed","ping_status":"closed","sticky":false,"template":"","format":"standard","meta":{"_acf_changed":false,"neve_meta_sidebar":"","neve_meta_container":"","neve_meta_enable_content_width":"off","neve_meta_content_width":70,"neve_meta_title_alignment":"","neve_meta_author_avatar":"","neve_post_elements_order":"","neve_meta_disable_header":"","neve_meta_disable_footer":"","neve_meta_disable_title":"","footnotes":""},"categories":[21],"tags":[],"class_list":["post-1814","post","type-post","status-publish","format-standard","has-post-thumbnail","hentry","category-sin-categorizar"],"acf":[],"yoast_head":"<!-- This site is optimized with the Yoast SEO plugin v25.5 - https:\/\/yoast.com\/wordpress\/plugins\/seo\/ -->\n<title>\u201cLa Punxa\u201d dedica un monogr\u00e1fico a la nueva Cl\u00ednica Girona | AT2 SERVEIS<\/title>\n<meta name=\"description\" content=\"La revista del Col\u00b7legi d\u2019Aparelladors, Arquitectes t\u00e8cnics i Enginyers d\u2019Edificaci\u00f3, dedica un monogr\u00e1fico a la nueva Cl\u00ednica Girona.\" \/>\n<meta name=\"robots\" content=\"index, follow, max-snippet:-1, max-image-preview:large, max-video-preview:-1\" \/>\n<link rel=\"canonical\" href=\"https:\/\/www.at2serveis.com\/es\/la-punxa-dedica-un-monografico-a-la-nueva-clinica-girona\/\" \/>\n<meta property=\"og:locale\" content=\"es_ES\" \/>\n<meta property=\"og:type\" content=\"article\" \/>\n<meta property=\"og:title\" content=\"\u201cLa Punxa\u201d dedica un monogr\u00e1fico a la nueva Cl\u00ednica Girona | AT2 SERVEIS\" \/>\n<meta property=\"og:description\" content=\"La revista del Col\u00b7legi d\u2019Aparelladors, Arquitectes t\u00e8cnics i Enginyers d\u2019Edificaci\u00f3, dedica un monogr\u00e1fico a la nueva Cl\u00ednica Girona.\" \/>\n<meta property=\"og:url\" content=\"https:\/\/www.at2serveis.com\/es\/la-punxa-dedica-un-monografico-a-la-nueva-clinica-girona\/\" \/>\n<meta property=\"og:site_name\" content=\"AT2 SERVEIS\" \/>\n<meta property=\"article:published_time\" content=\"2025-02-18T08:17:51+00:00\" \/>\n<meta property=\"og:image\" content=\"https:\/\/www.at2serveis.com\/wp-content\/uploads\/2025\/02\/nova-clinica-girona.png\" \/>\n\t<meta property=\"og:image:width\" content=\"497\" \/>\n\t<meta property=\"og:image:height\" content=\"316\" \/>\n\t<meta property=\"og:image:type\" content=\"image\/png\" \/>\n<meta name=\"author\" content=\"Neorg\" \/>\n<meta name=\"twitter:card\" content=\"summary_large_image\" \/>\n<meta name=\"twitter:label1\" content=\"Escrito por\" \/>\n\t<meta name=\"twitter:data1\" content=\"Neorg\" \/>\n\t<meta name=\"twitter:label2\" content=\"Tiempo de lectura\" \/>\n\t<meta name=\"twitter:data2\" content=\"2 minutos\" \/>\n<script type=\"application\/ld+json\" class=\"yoast-schema-graph\">{\"@context\":\"https:\/\/schema.org\",\"@graph\":[{\"@type\":\"Article\",\"@id\":\"https:\/\/www.at2serveis.com\/es\/la-punxa-dedica-un-monografico-a-la-nueva-clinica-girona\/#article\",\"isPartOf\":{\"@id\":\"https:\/\/www.at2serveis.com\/es\/la-punxa-dedica-un-monografico-a-la-nueva-clinica-girona\/\"},\"author\":{\"name\":\"Neorg\",\"@id\":\"https:\/\/www.at2serveis.com\/es\/#\/schema\/person\/d880ccf36e33aafb9c1149c50b4ead1e\"},\"headline\":\"\u201cLa Punxa\u201d dedica un monogr\u00e1fico a la nueva Cl\u00ednica Girona\",\"datePublished\":\"2025-02-18T08:17:51+00:00\",\"mainEntityOfPage\":{\"@id\":\"https:\/\/www.at2serveis.com\/es\/la-punxa-dedica-un-monografico-a-la-nueva-clinica-girona\/\"},\"wordCount\":380,\"publisher\":{\"@id\":\"https:\/\/www.at2serveis.com\/es\/#organization\"},\"image\":{\"@id\":\"https:\/\/www.at2serveis.com\/es\/la-punxa-dedica-un-monografico-a-la-nueva-clinica-girona\/#primaryimage\"},\"thumbnailUrl\":\"https:\/\/www.at2serveis.com\/wp-content\/uploads\/2025\/02\/nova-clinica-girona.png\",\"articleSection\":[\"Sin categorizar\"],\"inLanguage\":\"es\"},{\"@type\":\"WebPage\",\"@id\":\"https:\/\/www.at2serveis.com\/es\/la-punxa-dedica-un-monografico-a-la-nueva-clinica-girona\/\",\"url\":\"https:\/\/www.at2serveis.com\/es\/la-punxa-dedica-un-monografico-a-la-nueva-clinica-girona\/\",\"name\":\"\u201cLa Punxa\u201d dedica un monogr\u00e1fico a la nueva Cl\u00ednica Girona | AT2 SERVEIS\",\"isPartOf\":{\"@id\":\"https:\/\/www.at2serveis.com\/es\/#website\"},\"primaryImageOfPage\":{\"@id\":\"https:\/\/www.at2serveis.com\/es\/la-punxa-dedica-un-monografico-a-la-nueva-clinica-girona\/#primaryimage\"},\"image\":{\"@id\":\"https:\/\/www.at2serveis.com\/es\/la-punxa-dedica-un-monografico-a-la-nueva-clinica-girona\/#primaryimage\"},\"thumbnailUrl\":\"https:\/\/www.at2serveis.com\/wp-content\/uploads\/2025\/02\/nova-clinica-girona.png\",\"datePublished\":\"2025-02-18T08:17:51+00:00\",\"description\":\"La revista del Col\u00b7legi d\u2019Aparelladors, Arquitectes t\u00e8cnics i Enginyers d\u2019Edificaci\u00f3, dedica un monogr\u00e1fico a la nueva Cl\u00ednica Girona.\",\"breadcrumb\":{\"@id\":\"https:\/\/www.at2serveis.com\/es\/la-punxa-dedica-un-monografico-a-la-nueva-clinica-girona\/#breadcrumb\"},\"inLanguage\":\"es\",\"potentialAction\":[{\"@type\":\"ReadAction\",\"target\":[\"https:\/\/www.at2serveis.com\/es\/la-punxa-dedica-un-monografico-a-la-nueva-clinica-girona\/\"]}]},{\"@type\":\"ImageObject\",\"inLanguage\":\"es\",\"@id\":\"https:\/\/www.at2serveis.com\/es\/la-punxa-dedica-un-monografico-a-la-nueva-clinica-girona\/#primaryimage\",\"url\":\"https:\/\/www.at2serveis.com\/wp-content\/uploads\/2025\/02\/nova-clinica-girona.png\",\"contentUrl\":\"https:\/\/www.at2serveis.com\/wp-content\/uploads\/2025\/02\/nova-clinica-girona.png\",\"width\":497,\"height\":316,\"caption\":\"nova clinica girona\"},{\"@type\":\"BreadcrumbList\",\"@id\":\"https:\/\/www.at2serveis.com\/es\/la-punxa-dedica-un-monografico-a-la-nueva-clinica-girona\/#breadcrumb\",\"itemListElement\":[{\"@type\":\"ListItem\",\"position\":1,\"name\":\"Inici\",\"item\":\"https:\/\/www.at2serveis.com\/es\/home\/\"},{\"@type\":\"ListItem\",\"position\":2,\"name\":\"\u201cLa Punxa\u201d dedica un monogr\u00e1fico a la nueva Cl\u00ednica Girona\"}]},{\"@type\":\"WebSite\",\"@id\":\"https:\/\/www.at2serveis.com\/es\/#website\",\"url\":\"https:\/\/www.at2serveis.com\/es\/\",\"name\":\"AT2 SERVEIS\",\"description\":\"Direcci\u00f3 i gesti\u00f3 d&#039;obra\",\"publisher\":{\"@id\":\"https:\/\/www.at2serveis.com\/es\/#organization\"},\"alternateName\":\"AT2 SERVEIS - Gesti\u00f3 en edificaci\u00f3\",\"potentialAction\":[{\"@type\":\"SearchAction\",\"target\":{\"@type\":\"EntryPoint\",\"urlTemplate\":\"https:\/\/www.at2serveis.com\/es\/?s={search_term_string}\"},\"query-input\":{\"@type\":\"PropertyValueSpecification\",\"valueRequired\":true,\"valueName\":\"search_term_string\"}}],\"inLanguage\":\"es\"},{\"@type\":\"Organization\",\"@id\":\"https:\/\/www.at2serveis.com\/es\/#organization\",\"name\":\"AT2 SERVEIS\",\"alternateName\":\"AT2 SERVEIS - Gesti\u00f3 en edificaci\u00f3\",\"url\":\"https:\/\/www.at2serveis.com\/es\/\",\"logo\":{\"@type\":\"ImageObject\",\"inLanguage\":\"es\",\"@id\":\"https:\/\/www.at2serveis.com\/es\/#\/schema\/logo\/image\/\",\"url\":\"https:\/\/www.at2serveis.com\/wp-content\/uploads\/2024\/11\/AT2-Serveis-Navicon.png\",\"contentUrl\":\"https:\/\/www.at2serveis.com\/wp-content\/uploads\/2024\/11\/AT2-Serveis-Navicon.png\",\"width\":512,\"height\":512,\"caption\":\"AT2 SERVEIS\"},\"image\":{\"@id\":\"https:\/\/www.at2serveis.com\/es\/#\/schema\/logo\/image\/\"}},{\"@type\":\"Person\",\"@id\":\"https:\/\/www.at2serveis.com\/es\/#\/schema\/person\/d880ccf36e33aafb9c1149c50b4ead1e\",\"name\":\"Neorg\",\"image\":{\"@type\":\"ImageObject\",\"inLanguage\":\"es\",\"@id\":\"https:\/\/www.at2serveis.com\/es\/#\/schema\/person\/image\/\",\"url\":\"https:\/\/secure.gravatar.com\/avatar\/8b62859790ec9b99d5af85f2fb7ca70932b367800f46b4fdf7903543fccbfd72?s=96&d=mm&r=g\",\"contentUrl\":\"https:\/\/secure.gravatar.com\/avatar\/8b62859790ec9b99d5af85f2fb7ca70932b367800f46b4fdf7903543fccbfd72?s=96&d=mm&r=g\",\"caption\":\"Neorg\"},\"sameAs\":[\"https:\/\/www.at2serveis.com\"]}]}<\/script>\n<!-- \/ Yoast SEO plugin. -->","yoast_head_json":{"title":"\u201cLa Punxa\u201d dedica un monogr\u00e1fico a la nueva Cl\u00ednica Girona | AT2 SERVEIS","description":"La revista del Col\u00b7legi d\u2019Aparelladors, Arquitectes t\u00e8cnics i Enginyers d\u2019Edificaci\u00f3, dedica un monogr\u00e1fico a la nueva Cl\u00ednica Girona.","robots":{"index":"index","follow":"follow","max-snippet":"max-snippet:-1","max-image-preview":"max-image-preview:large","max-video-preview":"max-video-preview:-1"},"canonical":"https:\/\/www.at2serveis.com\/es\/la-punxa-dedica-un-monografico-a-la-nueva-clinica-girona\/","og_locale":"es_ES","og_type":"article","og_title":"\u201cLa Punxa\u201d dedica un monogr\u00e1fico a la nueva Cl\u00ednica Girona | AT2 SERVEIS","og_description":"La revista del Col\u00b7legi d\u2019Aparelladors, Arquitectes t\u00e8cnics i Enginyers d\u2019Edificaci\u00f3, dedica un monogr\u00e1fico a la nueva Cl\u00ednica Girona.","og_url":"https:\/\/www.at2serveis.com\/es\/la-punxa-dedica-un-monografico-a-la-nueva-clinica-girona\/","og_site_name":"AT2 SERVEIS","article_published_time":"2025-02-18T08:17:51+00:00","og_image":[{"width":497,"height":316,"url":"https:\/\/www.at2serveis.com\/wp-content\/uploads\/2025\/02\/nova-clinica-girona.png","type":"image\/png"}],"author":"Neorg","twitter_card":"summary_large_image","twitter_misc":{"Escrito por":"Neorg","Tiempo de lectura":"2 minutos"},"schema":{"@context":"https:\/\/schema.org","@graph":[{"@type":"Article","@id":"https:\/\/www.at2serveis.com\/es\/la-punxa-dedica-un-monografico-a-la-nueva-clinica-girona\/#article","isPartOf":{"@id":"https:\/\/www.at2serveis.com\/es\/la-punxa-dedica-un-monografico-a-la-nueva-clinica-girona\/"},"author":{"name":"Neorg","@id":"https:\/\/www.at2serveis.com\/es\/#\/schema\/person\/d880ccf36e33aafb9c1149c50b4ead1e"},"headline":"\u201cLa Punxa\u201d dedica un monogr\u00e1fico a la nueva Cl\u00ednica Girona","datePublished":"2025-02-18T08:17:51+00:00","mainEntityOfPage":{"@id":"https:\/\/www.at2serveis.com\/es\/la-punxa-dedica-un-monografico-a-la-nueva-clinica-girona\/"},"wordCount":380,"publisher":{"@id":"https:\/\/www.at2serveis.com\/es\/#organization"},"image":{"@id":"https:\/\/www.at2serveis.com\/es\/la-punxa-dedica-un-monografico-a-la-nueva-clinica-girona\/#primaryimage"},"thumbnailUrl":"https:\/\/www.at2serveis.com\/wp-content\/uploads\/2025\/02\/nova-clinica-girona.png","articleSection":["Sin categorizar"],"inLanguage":"es"},{"@type":"WebPage","@id":"https:\/\/www.at2serveis.com\/es\/la-punxa-dedica-un-monografico-a-la-nueva-clinica-girona\/","url":"https:\/\/www.at2serveis.com\/es\/la-punxa-dedica-un-monografico-a-la-nueva-clinica-girona\/","name":"\u201cLa Punxa\u201d dedica un monogr\u00e1fico a la nueva Cl\u00ednica Girona | AT2 SERVEIS","isPartOf":{"@id":"https:\/\/www.at2serveis.com\/es\/#website"},"primaryImageOfPage":{"@id":"https:\/\/www.at2serveis.com\/es\/la-punxa-dedica-un-monografico-a-la-nueva-clinica-girona\/#primaryimage"},"image":{"@id":"https:\/\/www.at2serveis.com\/es\/la-punxa-dedica-un-monografico-a-la-nueva-clinica-girona\/#primaryimage"},"thumbnailUrl":"https:\/\/www.at2serveis.com\/wp-content\/uploads\/2025\/02\/nova-clinica-girona.png","datePublished":"2025-02-18T08:17:51+00:00","description":"La revista del Col\u00b7legi d\u2019Aparelladors, Arquitectes t\u00e8cnics i Enginyers d\u2019Edificaci\u00f3, dedica un monogr\u00e1fico a la nueva Cl\u00ednica Girona.","breadcrumb":{"@id":"https:\/\/www.at2serveis.com\/es\/la-punxa-dedica-un-monografico-a-la-nueva-clinica-girona\/#breadcrumb"},"inLanguage":"es","potentialAction":[{"@type":"ReadAction","target":["https:\/\/www.at2serveis.com\/es\/la-punxa-dedica-un-monografico-a-la-nueva-clinica-girona\/"]}]},{"@type":"ImageObject","inLanguage":"es","@id":"https:\/\/www.at2serveis.com\/es\/la-punxa-dedica-un-monografico-a-la-nueva-clinica-girona\/#primaryimage","url":"https:\/\/www.at2serveis.com\/wp-content\/uploads\/2025\/02\/nova-clinica-girona.png","contentUrl":"https:\/\/www.at2serveis.com\/wp-content\/uploads\/2025\/02\/nova-clinica-girona.png","width":497,"height":316,"caption":"nova clinica girona"},{"@type":"BreadcrumbList","@id":"https:\/\/www.at2serveis.com\/es\/la-punxa-dedica-un-monografico-a-la-nueva-clinica-girona\/#breadcrumb","itemListElement":[{"@type":"ListItem","position":1,"name":"Inici","item":"https:\/\/www.at2serveis.com\/es\/home\/"},{"@type":"ListItem","position":2,"name":"\u201cLa Punxa\u201d dedica un monogr\u00e1fico a la nueva Cl\u00ednica Girona"}]},{"@type":"WebSite","@id":"https:\/\/www.at2serveis.com\/es\/#website","url":"https:\/\/www.at2serveis.com\/es\/","name":"AT2 SERVEIS","description":"Direcci\u00f3 i gesti\u00f3 d&#039;obra","publisher":{"@id":"https:\/\/www.at2serveis.com\/es\/#organization"},"alternateName":"AT2 SERVEIS - Gesti\u00f3 en edificaci\u00f3","potentialAction":[{"@type":"SearchAction","target":{"@type":"EntryPoint","urlTemplate":"https:\/\/www.at2serveis.com\/es\/?s={search_term_string}"},"query-input":{"@type":"PropertyValueSpecification","valueRequired":true,"valueName":"search_term_string"}}],"inLanguage":"es"},{"@type":"Organization","@id":"https:\/\/www.at2serveis.com\/es\/#organization","name":"AT2 SERVEIS","alternateName":"AT2 SERVEIS - Gesti\u00f3 en edificaci\u00f3","url":"https:\/\/www.at2serveis.com\/es\/","logo":{"@type":"ImageObject","inLanguage":"es","@id":"https:\/\/www.at2serveis.com\/es\/#\/schema\/logo\/image\/","url":"https:\/\/www.at2serveis.com\/wp-content\/uploads\/2024\/11\/AT2-Serveis-Navicon.png","contentUrl":"https:\/\/www.at2serveis.com\/wp-content\/uploads\/2024\/11\/AT2-Serveis-Navicon.png","width":512,"height":512,"caption":"AT2 SERVEIS"},"image":{"@id":"https:\/\/www.at2serveis.com\/es\/#\/schema\/logo\/image\/"}},{"@type":"Person","@id":"https:\/\/www.at2serveis.com\/es\/#\/schema\/person\/d880ccf36e33aafb9c1149c50b4ead1e","name":"Neorg","image":{"@type":"ImageObject","inLanguage":"es","@id":"https:\/\/www.at2serveis.com\/es\/#\/schema\/person\/image\/","url":"https:\/\/secure.gravatar.com\/avatar\/8b62859790ec9b99d5af85f2fb7ca70932b367800f46b4fdf7903543fccbfd72?s=96&d=mm&r=g","contentUrl":"https:\/\/secure.gravatar.com\/avatar\/8b62859790ec9b99d5af85f2fb7ca70932b367800f46b4fdf7903543fccbfd72?s=96&d=mm&r=g","caption":"Neorg"},"sameAs":["https:\/\/www.at2serveis.com"]}]}},"_links":{"self":[{"href":"https:\/\/www.at2serveis.com\/es\/wp-json\/wp\/v2\/posts\/1814","targetHints":{"allow":["GET"]}}],"collection":[{"href":"https:\/\/www.at2serveis.com\/es\/wp-json\/wp\/v2\/posts"}],"about":[{"href":"https:\/\/www.at2serveis.com\/es\/wp-json\/wp\/v2\/types\/post"}],"author":[{"embeddable":true,"href":"https:\/\/www.at2serveis.com\/es\/wp-json\/wp\/v2\/users\/1"}],"replies":[{"embeddable":true,"href":"https:\/\/www.at2serveis.com\/es\/wp-json\/wp\/v2\/comments?post=1814"}],"version-history":[{"count":0,"href":"https:\/\/www.at2serveis.com\/es\/wp-json\/wp\/v2\/posts\/1814\/revisions"}],"wp:featuredmedia":[{"embeddable":true,"href":"https:\/\/www.at2serveis.com\/es\/wp-json\/wp\/v2\/media\/1763"}],"wp:attachment":[{"href":"https:\/\/www.at2serveis.com\/es\/wp-json\/wp\/v2\/media?parent=1814"}],"wp:term":[{"taxonomy":"category","embeddable":true,"href":"https:\/\/www.at2serveis.com\/es\/wp-json\/wp\/v2\/categories?post=1814"},{"taxonomy":"post_tag","embeddable":true,"href":"https:\/\/www.at2serveis.com\/es\/wp-json\/wp\/v2\/tags?post=1814"}],"curies":[{"name":"wp","href":"https:\/\/api.w.org\/{rel}","templated":true}]}}