{"id":1815,"date":"2025-02-18T09:20:08","date_gmt":"2025-02-18T08:20:08","guid":{"rendered":"https:\/\/www.at2serveis.com\/las-obras-de-la-nueva-clinica-girona\/"},"modified":"2025-02-18T09:20:08","modified_gmt":"2025-02-18T08:20:08","slug":"las-obras-de-la-nueva-clinica-girona","status":"publish","type":"post","link":"https:\/\/www.at2serveis.com\/es\/las-obras-de-la-nueva-clinica-girona\/","title":{"rendered":"Las obras de la nueva Cl\u00ednica Girona"},"content":{"rendered":"<p data-start=\"55\" data-end=\"196\">Autor: <em data-start=\"104\" data-end=\"127\">Servicio de Comunicaci\u00f3n<\/em> | 6 de junio de 2020 | <em data-start=\"145\" data-end=\"187\">Aspectos destacados, Noticias, Obras Nueva Cl\u00ednica<\/em> |<\/p>\n<p data-start=\"198\" data-end=\"283\"><em data-start=\"198\" data-end=\"281\">Siga desde aqu\u00ed el estado de las obras de construcci\u00f3n de la nueva Cl\u00ednica Girona.<\/em><\/p>\n<h3 data-start=\"285\" data-end=\"303\">Octubre de 2020<\/h3>\n<p data-start=\"305\" data-end=\"657\">En octubre de 2020, el estado de las obras ya muestra el <em data-start=\"360\" data-end=\"369\">skyline<\/em> de la nueva Cl\u00ednica Girona, en la entrada sur de la ciudad. Toda la estructura del edificio ya est\u00e1 terminada. Los diferentes pisos est\u00e1n casi todos pavimentados. Tambi\u00e9n este octubre se est\u00e1 realizando la cara interior de la fachada donde se pueden empezar a ver las ventanas que all\u00ed van.   <\/p>\n<p data-start=\"659\" data-end=\"885\">Los tejados se encuentran en la fase de preimpermeabilizaci\u00f3n. Se est\u00e1n distribuyendo las distintas salas a las plantas y se est\u00e1n montando el clima, la electricidad, el saneamiento, el agua potable y otras instalaciones. <\/p>\n<p data-start=\"887\" data-end=\"1139\">Paralelamente, por el exterior del edificio se est\u00e1n terminando las instalaciones de la urbanizaci\u00f3n y pr\u00f3ximamente se comenzar\u00e1n a realizar los palcos de las calles del interior de la parcela y que forman parte del proyecto <strong data-start=\"1125\" data-end=\"1136\">PAU-116<\/strong>.<\/p>\n<p data-start=\"1141\" data-end=\"1211\">La nueva Cl\u00ednica ya est\u00e1 trazando el nuevo perfil de la entrada sur de Girona.<\/p>\n","protected":false},"excerpt":{"rendered":"<p>Autor: Servicio de Comunicaci\u00f3n | 6 de junio de 2020 | Aspectos destacados, Noticias, Obras Nueva Cl\u00ednica | Siga desde aqu\u00ed el estado de las obras de construcci\u00f3n de la nueva Cl\u00ednica Girona. Octubre de 2020 En octubre de 2020, el estado de las obras ya muestra el skyline de la nueva Cl\u00ednica Girona, en&hellip;&nbsp;<a href=\"https:\/\/www.at2serveis.com\/es\/las-obras-de-la-nueva-clinica-girona\/\" rel=\"bookmark\">Leer m\u00e1s &raquo;<span class=\"screen-reader-text\">Las obras de la nueva Cl\u00ednica Girona<\/span><\/a><\/p>\n","protected":false},"author":1,"featured_media":1746,"comment_status":"closed","ping_status":"closed","sticky":false,"template":"","format":"standard","meta":{"_acf_changed":false,"neve_meta_sidebar":"","neve_meta_container":"","neve_meta_enable_content_width":"off","neve_meta_content_width":70,"neve_meta_title_alignment":"","neve_meta_author_avatar":"","neve_post_elements_order":"","neve_meta_disable_header":"","neve_meta_disable_footer":"","neve_meta_disable_title":"","footnotes":""},"categories":[21],"tags":[],"class_list":["post-1815","post","type-post","status-publish","format-standard","has-post-thumbnail","hentry","category-sin-categorizar"],"acf":[],"yoast_head":"<!-- This site is optimized with the Yoast SEO plugin v25.5 - https:\/\/yoast.com\/wordpress\/plugins\/seo\/ -->\n<title>Las obras de la nueva Cl\u00ednica Girona | AT2 SERVEIS<\/title>\n<meta name=\"description\" content=\"En octubre de 2020, el estado de las obras ya muestra el horizonte de la nueva Cl\u00ednica Girona, en la entrada sur de la ciudad.\" \/>\n<meta name=\"robots\" content=\"index, follow, max-snippet:-1, max-image-preview:large, max-video-preview:-1\" \/>\n<link rel=\"canonical\" href=\"https:\/\/www.at2serveis.com\/es\/las-obras-de-la-nueva-clinica-girona\/\" \/>\n<meta property=\"og:locale\" content=\"es_ES\" \/>\n<meta property=\"og:type\" content=\"article\" \/>\n<meta property=\"og:title\" content=\"Las obras de la nueva Cl\u00ednica Girona | AT2 SERVEIS\" \/>\n<meta property=\"og:description\" content=\"En octubre de 2020, el estado de las obras ya muestra el horizonte de la nueva Cl\u00ednica Girona, en la entrada sur de la ciudad.\" \/>\n<meta property=\"og:url\" content=\"https:\/\/www.at2serveis.com\/es\/las-obras-de-la-nueva-clinica-girona\/\" \/>\n<meta property=\"og:site_name\" content=\"AT2 SERVEIS\" \/>\n<meta property=\"article:published_time\" content=\"2025-02-18T08:20:08+00:00\" \/>\n<meta property=\"og:image\" content=\"https:\/\/www.at2serveis.com\/wp-content\/uploads\/2025\/02\/Obres-nova-clinica-girona.png\" \/>\n\t<meta property=\"og:image:width\" content=\"845\" \/>\n\t<meta property=\"og:image:height\" content=\"548\" \/>\n\t<meta property=\"og:image:type\" content=\"image\/png\" \/>\n<meta name=\"author\" content=\"Neorg\" \/>\n<meta name=\"twitter:card\" content=\"summary_large_image\" \/>\n<meta name=\"twitter:label1\" content=\"Escrito por\" \/>\n\t<meta name=\"twitter:data1\" content=\"Neorg\" \/>\n\t<meta name=\"twitter:label2\" content=\"Tiempo de lectura\" \/>\n\t<meta name=\"twitter:data2\" content=\"1 minuto\" \/>\n<script type=\"application\/ld+json\" class=\"yoast-schema-graph\">{\"@context\":\"https:\/\/schema.org\",\"@graph\":[{\"@type\":\"Article\",\"@id\":\"https:\/\/www.at2serveis.com\/es\/las-obras-de-la-nueva-clinica-girona\/#article\",\"isPartOf\":{\"@id\":\"https:\/\/www.at2serveis.com\/es\/las-obras-de-la-nueva-clinica-girona\/\"},\"author\":{\"name\":\"Neorg\",\"@id\":\"https:\/\/www.at2serveis.com\/es\/#\/schema\/person\/d880ccf36e33aafb9c1149c50b4ead1e\"},\"headline\":\"Las obras de la nueva Cl\u00ednica Girona\",\"datePublished\":\"2025-02-18T08:20:08+00:00\",\"mainEntityOfPage\":{\"@id\":\"https:\/\/www.at2serveis.com\/es\/las-obras-de-la-nueva-clinica-girona\/\"},\"wordCount\":201,\"publisher\":{\"@id\":\"https:\/\/www.at2serveis.com\/es\/#organization\"},\"image\":{\"@id\":\"https:\/\/www.at2serveis.com\/es\/las-obras-de-la-nueva-clinica-girona\/#primaryimage\"},\"thumbnailUrl\":\"https:\/\/www.at2serveis.com\/wp-content\/uploads\/2025\/02\/Obres-nova-clinica-girona.png\",\"articleSection\":[\"Sin categorizar\"],\"inLanguage\":\"es\"},{\"@type\":\"WebPage\",\"@id\":\"https:\/\/www.at2serveis.com\/es\/las-obras-de-la-nueva-clinica-girona\/\",\"url\":\"https:\/\/www.at2serveis.com\/es\/las-obras-de-la-nueva-clinica-girona\/\",\"name\":\"Las obras de la nueva Cl\u00ednica Girona | AT2 SERVEIS\",\"isPartOf\":{\"@id\":\"https:\/\/www.at2serveis.com\/es\/#website\"},\"primaryImageOfPage\":{\"@id\":\"https:\/\/www.at2serveis.com\/es\/las-obras-de-la-nueva-clinica-girona\/#primaryimage\"},\"image\":{\"@id\":\"https:\/\/www.at2serveis.com\/es\/las-obras-de-la-nueva-clinica-girona\/#primaryimage\"},\"thumbnailUrl\":\"https:\/\/www.at2serveis.com\/wp-content\/uploads\/2025\/02\/Obres-nova-clinica-girona.png\",\"datePublished\":\"2025-02-18T08:20:08+00:00\",\"description\":\"En octubre de 2020, el estado de las obras ya muestra el horizonte de la nueva Cl\u00ednica Girona, en la entrada sur de la ciudad.\",\"breadcrumb\":{\"@id\":\"https:\/\/www.at2serveis.com\/es\/las-obras-de-la-nueva-clinica-girona\/#breadcrumb\"},\"inLanguage\":\"es\",\"potentialAction\":[{\"@type\":\"ReadAction\",\"target\":[\"https:\/\/www.at2serveis.com\/es\/las-obras-de-la-nueva-clinica-girona\/\"]}]},{\"@type\":\"ImageObject\",\"inLanguage\":\"es\",\"@id\":\"https:\/\/www.at2serveis.com\/es\/las-obras-de-la-nueva-clinica-girona\/#primaryimage\",\"url\":\"https:\/\/www.at2serveis.com\/wp-content\/uploads\/2025\/02\/Obres-nova-clinica-girona.png\",\"contentUrl\":\"https:\/\/www.at2serveis.com\/wp-content\/uploads\/2025\/02\/Obres-nova-clinica-girona.png\",\"width\":845,\"height\":548,\"caption\":\"Les obres de la nova Cl\u00ednica Girona\"},{\"@type\":\"BreadcrumbList\",\"@id\":\"https:\/\/www.at2serveis.com\/es\/las-obras-de-la-nueva-clinica-girona\/#breadcrumb\",\"itemListElement\":[{\"@type\":\"ListItem\",\"position\":1,\"name\":\"Inici\",\"item\":\"https:\/\/www.at2serveis.com\/es\/home\/\"},{\"@type\":\"ListItem\",\"position\":2,\"name\":\"Las obras de la nueva Cl\u00ednica Girona\"}]},{\"@type\":\"WebSite\",\"@id\":\"https:\/\/www.at2serveis.com\/es\/#website\",\"url\":\"https:\/\/www.at2serveis.com\/es\/\",\"name\":\"AT2 SERVEIS\",\"description\":\"Direcci\u00f3 i gesti\u00f3 d&#039;obra\",\"publisher\":{\"@id\":\"https:\/\/www.at2serveis.com\/es\/#organization\"},\"alternateName\":\"AT2 SERVEIS - Gesti\u00f3 en edificaci\u00f3\",\"potentialAction\":[{\"@type\":\"SearchAction\",\"target\":{\"@type\":\"EntryPoint\",\"urlTemplate\":\"https:\/\/www.at2serveis.com\/es\/?s={search_term_string}\"},\"query-input\":{\"@type\":\"PropertyValueSpecification\",\"valueRequired\":true,\"valueName\":\"search_term_string\"}}],\"inLanguage\":\"es\"},{\"@type\":\"Organization\",\"@id\":\"https:\/\/www.at2serveis.com\/es\/#organization\",\"name\":\"AT2 SERVEIS\",\"alternateName\":\"AT2 SERVEIS - Gesti\u00f3 en edificaci\u00f3\",\"url\":\"https:\/\/www.at2serveis.com\/es\/\",\"logo\":{\"@type\":\"ImageObject\",\"inLanguage\":\"es\",\"@id\":\"https:\/\/www.at2serveis.com\/es\/#\/schema\/logo\/image\/\",\"url\":\"https:\/\/www.at2serveis.com\/wp-content\/uploads\/2024\/11\/AT2-Serveis-Navicon.png\",\"contentUrl\":\"https:\/\/www.at2serveis.com\/wp-content\/uploads\/2024\/11\/AT2-Serveis-Navicon.png\",\"width\":512,\"height\":512,\"caption\":\"AT2 SERVEIS\"},\"image\":{\"@id\":\"https:\/\/www.at2serveis.com\/es\/#\/schema\/logo\/image\/\"}},{\"@type\":\"Person\",\"@id\":\"https:\/\/www.at2serveis.com\/es\/#\/schema\/person\/d880ccf36e33aafb9c1149c50b4ead1e\",\"name\":\"Neorg\",\"image\":{\"@type\":\"ImageObject\",\"inLanguage\":\"es\",\"@id\":\"https:\/\/www.at2serveis.com\/es\/#\/schema\/person\/image\/\",\"url\":\"https:\/\/secure.gravatar.com\/avatar\/8b62859790ec9b99d5af85f2fb7ca70932b367800f46b4fdf7903543fccbfd72?s=96&d=mm&r=g\",\"contentUrl\":\"https:\/\/secure.gravatar.com\/avatar\/8b62859790ec9b99d5af85f2fb7ca70932b367800f46b4fdf7903543fccbfd72?s=96&d=mm&r=g\",\"caption\":\"Neorg\"},\"sameAs\":[\"https:\/\/www.at2serveis.com\"]}]}<\/script>\n<!-- \/ Yoast SEO plugin. -->","yoast_head_json":{"title":"Las obras de la nueva Cl\u00ednica Girona | AT2 SERVEIS","description":"En octubre de 2020, el estado de las obras ya muestra el horizonte de la nueva Cl\u00ednica Girona, en la entrada sur de la ciudad.","robots":{"index":"index","follow":"follow","max-snippet":"max-snippet:-1","max-image-preview":"max-image-preview:large","max-video-preview":"max-video-preview:-1"},"canonical":"https:\/\/www.at2serveis.com\/es\/las-obras-de-la-nueva-clinica-girona\/","og_locale":"es_ES","og_type":"article","og_title":"Las obras de la nueva Cl\u00ednica Girona | AT2 SERVEIS","og_description":"En octubre de 2020, el estado de las obras ya muestra el horizonte de la nueva Cl\u00ednica Girona, en la entrada sur de la ciudad.","og_url":"https:\/\/www.at2serveis.com\/es\/las-obras-de-la-nueva-clinica-girona\/","og_site_name":"AT2 SERVEIS","article_published_time":"2025-02-18T08:20:08+00:00","og_image":[{"width":845,"height":548,"url":"https:\/\/www.at2serveis.com\/wp-content\/uploads\/2025\/02\/Obres-nova-clinica-girona.png","type":"image\/png"}],"author":"Neorg","twitter_card":"summary_large_image","twitter_misc":{"Escrito por":"Neorg","Tiempo de lectura":"1 minuto"},"schema":{"@context":"https:\/\/schema.org","@graph":[{"@type":"Article","@id":"https:\/\/www.at2serveis.com\/es\/las-obras-de-la-nueva-clinica-girona\/#article","isPartOf":{"@id":"https:\/\/www.at2serveis.com\/es\/las-obras-de-la-nueva-clinica-girona\/"},"author":{"name":"Neorg","@id":"https:\/\/www.at2serveis.com\/es\/#\/schema\/person\/d880ccf36e33aafb9c1149c50b4ead1e"},"headline":"Las obras de la nueva Cl\u00ednica Girona","datePublished":"2025-02-18T08:20:08+00:00","mainEntityOfPage":{"@id":"https:\/\/www.at2serveis.com\/es\/las-obras-de-la-nueva-clinica-girona\/"},"wordCount":201,"publisher":{"@id":"https:\/\/www.at2serveis.com\/es\/#organization"},"image":{"@id":"https:\/\/www.at2serveis.com\/es\/las-obras-de-la-nueva-clinica-girona\/#primaryimage"},"thumbnailUrl":"https:\/\/www.at2serveis.com\/wp-content\/uploads\/2025\/02\/Obres-nova-clinica-girona.png","articleSection":["Sin categorizar"],"inLanguage":"es"},{"@type":"WebPage","@id":"https:\/\/www.at2serveis.com\/es\/las-obras-de-la-nueva-clinica-girona\/","url":"https:\/\/www.at2serveis.com\/es\/las-obras-de-la-nueva-clinica-girona\/","name":"Las obras de la nueva Cl\u00ednica Girona | AT2 SERVEIS","isPartOf":{"@id":"https:\/\/www.at2serveis.com\/es\/#website"},"primaryImageOfPage":{"@id":"https:\/\/www.at2serveis.com\/es\/las-obras-de-la-nueva-clinica-girona\/#primaryimage"},"image":{"@id":"https:\/\/www.at2serveis.com\/es\/las-obras-de-la-nueva-clinica-girona\/#primaryimage"},"thumbnailUrl":"https:\/\/www.at2serveis.com\/wp-content\/uploads\/2025\/02\/Obres-nova-clinica-girona.png","datePublished":"2025-02-18T08:20:08+00:00","description":"En octubre de 2020, el estado de las obras ya muestra el horizonte de la nueva Cl\u00ednica Girona, en la entrada sur de la ciudad.","breadcrumb":{"@id":"https:\/\/www.at2serveis.com\/es\/las-obras-de-la-nueva-clinica-girona\/#breadcrumb"},"inLanguage":"es","potentialAction":[{"@type":"ReadAction","target":["https:\/\/www.at2serveis.com\/es\/las-obras-de-la-nueva-clinica-girona\/"]}]},{"@type":"ImageObject","inLanguage":"es","@id":"https:\/\/www.at2serveis.com\/es\/las-obras-de-la-nueva-clinica-girona\/#primaryimage","url":"https:\/\/www.at2serveis.com\/wp-content\/uploads\/2025\/02\/Obres-nova-clinica-girona.png","contentUrl":"https:\/\/www.at2serveis.com\/wp-content\/uploads\/2025\/02\/Obres-nova-clinica-girona.png","width":845,"height":548,"caption":"Les obres de la nova Cl\u00ednica Girona"},{"@type":"BreadcrumbList","@id":"https:\/\/www.at2serveis.com\/es\/las-obras-de-la-nueva-clinica-girona\/#breadcrumb","itemListElement":[{"@type":"ListItem","position":1,"name":"Inici","item":"https:\/\/www.at2serveis.com\/es\/home\/"},{"@type":"ListItem","position":2,"name":"Las obras de la nueva Cl\u00ednica Girona"}]},{"@type":"WebSite","@id":"https:\/\/www.at2serveis.com\/es\/#website","url":"https:\/\/www.at2serveis.com\/es\/","name":"AT2 SERVEIS","description":"Direcci\u00f3 i gesti\u00f3 d&#039;obra","publisher":{"@id":"https:\/\/www.at2serveis.com\/es\/#organization"},"alternateName":"AT2 SERVEIS - Gesti\u00f3 en edificaci\u00f3","potentialAction":[{"@type":"SearchAction","target":{"@type":"EntryPoint","urlTemplate":"https:\/\/www.at2serveis.com\/es\/?s={search_term_string}"},"query-input":{"@type":"PropertyValueSpecification","valueRequired":true,"valueName":"search_term_string"}}],"inLanguage":"es"},{"@type":"Organization","@id":"https:\/\/www.at2serveis.com\/es\/#organization","name":"AT2 SERVEIS","alternateName":"AT2 SERVEIS - Gesti\u00f3 en edificaci\u00f3","url":"https:\/\/www.at2serveis.com\/es\/","logo":{"@type":"ImageObject","inLanguage":"es","@id":"https:\/\/www.at2serveis.com\/es\/#\/schema\/logo\/image\/","url":"https:\/\/www.at2serveis.com\/wp-content\/uploads\/2024\/11\/AT2-Serveis-Navicon.png","contentUrl":"https:\/\/www.at2serveis.com\/wp-content\/uploads\/2024\/11\/AT2-Serveis-Navicon.png","width":512,"height":512,"caption":"AT2 SERVEIS"},"image":{"@id":"https:\/\/www.at2serveis.com\/es\/#\/schema\/logo\/image\/"}},{"@type":"Person","@id":"https:\/\/www.at2serveis.com\/es\/#\/schema\/person\/d880ccf36e33aafb9c1149c50b4ead1e","name":"Neorg","image":{"@type":"ImageObject","inLanguage":"es","@id":"https:\/\/www.at2serveis.com\/es\/#\/schema\/person\/image\/","url":"https:\/\/secure.gravatar.com\/avatar\/8b62859790ec9b99d5af85f2fb7ca70932b367800f46b4fdf7903543fccbfd72?s=96&d=mm&r=g","contentUrl":"https:\/\/secure.gravatar.com\/avatar\/8b62859790ec9b99d5af85f2fb7ca70932b367800f46b4fdf7903543fccbfd72?s=96&d=mm&r=g","caption":"Neorg"},"sameAs":["https:\/\/www.at2serveis.com"]}]}},"_links":{"self":[{"href":"https:\/\/www.at2serveis.com\/es\/wp-json\/wp\/v2\/posts\/1815","targetHints":{"allow":["GET"]}}],"collection":[{"href":"https:\/\/www.at2serveis.com\/es\/wp-json\/wp\/v2\/posts"}],"about":[{"href":"https:\/\/www.at2serveis.com\/es\/wp-json\/wp\/v2\/types\/post"}],"author":[{"embeddable":true,"href":"https:\/\/www.at2serveis.com\/es\/wp-json\/wp\/v2\/users\/1"}],"replies":[{"embeddable":true,"href":"https:\/\/www.at2serveis.com\/es\/wp-json\/wp\/v2\/comments?post=1815"}],"version-history":[{"count":0,"href":"https:\/\/www.at2serveis.com\/es\/wp-json\/wp\/v2\/posts\/1815\/revisions"}],"wp:featuredmedia":[{"embeddable":true,"href":"https:\/\/www.at2serveis.com\/es\/wp-json\/wp\/v2\/media\/1746"}],"wp:attachment":[{"href":"https:\/\/www.at2serveis.com\/es\/wp-json\/wp\/v2\/media?parent=1815"}],"wp:term":[{"taxonomy":"category","embeddable":true,"href":"https:\/\/www.at2serveis.com\/es\/wp-json\/wp\/v2\/categories?post=1815"},{"taxonomy":"post_tag","embeddable":true,"href":"https:\/\/www.at2serveis.com\/es\/wp-json\/wp\/v2\/tags?post=1815"}],"curies":[{"name":"wp","href":"https:\/\/api.w.org\/{rel}","templated":true}]}}