{"id":1816,"date":"2025-02-18T09:22:17","date_gmt":"2025-02-18T08:22:17","guid":{"rendered":"https:\/\/www.at2serveis.com\/nueva-clinica-girona-la-construccion-de-la-planta-baja\/"},"modified":"2025-02-18T09:22:17","modified_gmt":"2025-02-18T08:22:17","slug":"nueva-clinica-girona-la-construccion-de-la-planta-baja","status":"publish","type":"post","link":"https:\/\/www.at2serveis.com\/es\/nueva-clinica-girona-la-construccion-de-la-planta-baja\/","title":{"rendered":"Nueva Cl\u00ednica Girona. La construcci\u00f3n de la Planta Baja"},"content":{"rendered":"<p data-start=\"55\" data-end=\"226\">Autor: <em data-start=\"147\" data-end=\"170\">Servicio de Comunicaci\u00f3n<\/em> | 29 de enero de 2020 | <em data-start=\"190\" data-end=\"210\">Obras Nueva Cl\u00ednica <\/em><\/p>\n<p data-start=\"228\" data-end=\"373\"><a href=\"https:\/\/www.youtube.com\/watch?v=EWiCGpecguY\">V\u00eddeo de <strong data-start=\"237\" data-end=\"254\">David S\u00e1nchez<\/strong><\/a> que muestra el estado de las obras de la nueva Cl\u00ednica Girona en enero de 2020, cuando se construye la planta baja.<\/p>\n<p data-start=\"375\" data-end=\"759\">En enero y febrero de 2020 se levanta la estructura de la planta baja y los pilares sobre los que se apoyar\u00e1n las plantas superiores. Paralelamente tambi\u00e9n se han iniciado las fases de instalaci\u00f3n y partici\u00f3n de las plantas subterr\u00e1neas. Habr\u00e1 3 plantas m\u00e1s abajo, y encima subir\u00e1n 7 al costado de la Carretera de Barcelona y 5 a la parte de las v\u00edas del tren.  <\/p>\n<p data-start=\"761\" data-end=\"1296\">Una de las caracter\u00edsticas distintivas del nuevo edificio es que desde la planta baja toda la estructura se apoyar\u00e1 sobre <strong data-start=\"889\" data-end=\"911\">resortes amortiguadores<\/strong>, para apaciguar las vibraciones provocadas por la proximidad de las v\u00edas del tren convencional y la alta velocidad. Estos resortes amortiguadores, colocados sobre las columnas de -3 pisos, minimizan cualquier oscilaci\u00f3n y convertir\u00e1n a la nueva Cl\u00ednica Girona en uno de los edificios m\u00e1s seguros de la ciudad en caso de movimiento s\u00edsmico, al incorporar este sistema de absorci\u00f3n de vibraciones. <\/p>\n","protected":false},"excerpt":{"rendered":"<p>Autor: Servicio de Comunicaci\u00f3n | 29 de enero de 2020 | Obras Nueva Cl\u00ednica V\u00eddeo de David S\u00e1nchez que muestra el estado de las obras de la nueva Cl\u00ednica Girona en enero de 2020, cuando se construye la planta baja. En enero y febrero de 2020 se levanta la estructura de la planta baja y&hellip;&nbsp;<a href=\"https:\/\/www.at2serveis.com\/es\/nueva-clinica-girona-la-construccion-de-la-planta-baja\/\" rel=\"bookmark\">Leer m\u00e1s &raquo;<span class=\"screen-reader-text\">Nueva Cl\u00ednica Girona. La construcci\u00f3n de la Planta Baja<\/span><\/a><\/p>\n","protected":false},"author":1,"featured_media":1750,"comment_status":"closed","ping_status":"closed","sticky":false,"template":"","format":"standard","meta":{"_acf_changed":false,"neve_meta_sidebar":"","neve_meta_container":"","neve_meta_enable_content_width":"off","neve_meta_content_width":70,"neve_meta_title_alignment":"","neve_meta_author_avatar":"","neve_post_elements_order":"","neve_meta_disable_header":"","neve_meta_disable_footer":"","neve_meta_disable_title":"","footnotes":""},"categories":[21],"tags":[],"class_list":["post-1816","post","type-post","status-publish","format-standard","has-post-thumbnail","hentry","category-sin-categorizar"],"acf":[],"yoast_head":"<!-- This site is optimized with the Yoast SEO plugin v25.5 - https:\/\/yoast.com\/wordpress\/plugins\/seo\/ -->\n<title>Nueva Cl\u00ednica Girona. La construcci\u00f3n de la Planta Baja | AT2 SERVEIS<\/title>\n<meta name=\"description\" content=\"V\u00eddeo de David S\u00e1nchez que muestra el estado de las obras de la nueva Cl\u00ednica Girona en enero de 2020, cuando se construye la planta baja.\" \/>\n<meta name=\"robots\" content=\"index, follow, max-snippet:-1, max-image-preview:large, max-video-preview:-1\" \/>\n<link rel=\"canonical\" href=\"https:\/\/www.at2serveis.com\/es\/nueva-clinica-girona-la-construccion-de-la-planta-baja\/\" \/>\n<meta property=\"og:locale\" content=\"es_ES\" \/>\n<meta property=\"og:type\" content=\"article\" \/>\n<meta property=\"og:title\" content=\"Nueva Cl\u00ednica Girona. La construcci\u00f3n de la Planta Baja | AT2 SERVEIS\" \/>\n<meta property=\"og:description\" content=\"V\u00eddeo de David S\u00e1nchez que muestra el estado de las obras de la nueva Cl\u00ednica Girona en enero de 2020, cuando se construye la planta baja.\" \/>\n<meta property=\"og:url\" content=\"https:\/\/www.at2serveis.com\/es\/nueva-clinica-girona-la-construccion-de-la-planta-baja\/\" \/>\n<meta property=\"og:site_name\" content=\"AT2 SERVEIS\" \/>\n<meta property=\"article:published_time\" content=\"2025-02-18T08:22:17+00:00\" \/>\n<meta property=\"og:image\" content=\"https:\/\/www.at2serveis.com\/wp-content\/uploads\/2025\/02\/Captura-de-Pantalla-2025-02-18-a-les-9.20.57.png\" \/>\n\t<meta property=\"og:image:width\" content=\"1000\" \/>\n\t<meta property=\"og:image:height\" content=\"475\" \/>\n\t<meta property=\"og:image:type\" content=\"image\/png\" \/>\n<meta name=\"author\" content=\"Neorg\" \/>\n<meta name=\"twitter:card\" content=\"summary_large_image\" \/>\n<meta name=\"twitter:label1\" content=\"Escrito por\" \/>\n\t<meta name=\"twitter:data1\" content=\"Neorg\" \/>\n\t<meta name=\"twitter:label2\" content=\"Tiempo de lectura\" \/>\n\t<meta name=\"twitter:data2\" content=\"1 minuto\" \/>\n<script type=\"application\/ld+json\" class=\"yoast-schema-graph\">{\"@context\":\"https:\/\/schema.org\",\"@graph\":[{\"@type\":\"Article\",\"@id\":\"https:\/\/www.at2serveis.com\/es\/nueva-clinica-girona-la-construccion-de-la-planta-baja\/#article\",\"isPartOf\":{\"@id\":\"https:\/\/www.at2serveis.com\/es\/nueva-clinica-girona-la-construccion-de-la-planta-baja\/\"},\"author\":{\"name\":\"Neorg\",\"@id\":\"https:\/\/www.at2serveis.com\/es\/#\/schema\/person\/d880ccf36e33aafb9c1149c50b4ead1e\"},\"headline\":\"Nueva Cl\u00ednica Girona. La construcci\u00f3n de la Planta Baja\",\"datePublished\":\"2025-02-18T08:22:17+00:00\",\"mainEntityOfPage\":{\"@id\":\"https:\/\/www.at2serveis.com\/es\/nueva-clinica-girona-la-construccion-de-la-planta-baja\/\"},\"wordCount\":212,\"publisher\":{\"@id\":\"https:\/\/www.at2serveis.com\/es\/#organization\"},\"image\":{\"@id\":\"https:\/\/www.at2serveis.com\/es\/nueva-clinica-girona-la-construccion-de-la-planta-baja\/#primaryimage\"},\"thumbnailUrl\":\"https:\/\/www.at2serveis.com\/wp-content\/uploads\/2025\/02\/Captura-de-Pantalla-2025-02-18-a-les-9.20.57.png\",\"articleSection\":[\"Sin categorizar\"],\"inLanguage\":\"es\"},{\"@type\":\"WebPage\",\"@id\":\"https:\/\/www.at2serveis.com\/es\/nueva-clinica-girona-la-construccion-de-la-planta-baja\/\",\"url\":\"https:\/\/www.at2serveis.com\/es\/nueva-clinica-girona-la-construccion-de-la-planta-baja\/\",\"name\":\"Nueva Cl\u00ednica Girona. La construcci\u00f3n de la Planta Baja | AT2 SERVEIS\",\"isPartOf\":{\"@id\":\"https:\/\/www.at2serveis.com\/es\/#website\"},\"primaryImageOfPage\":{\"@id\":\"https:\/\/www.at2serveis.com\/es\/nueva-clinica-girona-la-construccion-de-la-planta-baja\/#primaryimage\"},\"image\":{\"@id\":\"https:\/\/www.at2serveis.com\/es\/nueva-clinica-girona-la-construccion-de-la-planta-baja\/#primaryimage\"},\"thumbnailUrl\":\"https:\/\/www.at2serveis.com\/wp-content\/uploads\/2025\/02\/Captura-de-Pantalla-2025-02-18-a-les-9.20.57.png\",\"datePublished\":\"2025-02-18T08:22:17+00:00\",\"description\":\"V\u00eddeo de David S\u00e1nchez que muestra el estado de las obras de la nueva Cl\u00ednica Girona en enero de 2020, cuando se construye la planta baja.\",\"breadcrumb\":{\"@id\":\"https:\/\/www.at2serveis.com\/es\/nueva-clinica-girona-la-construccion-de-la-planta-baja\/#breadcrumb\"},\"inLanguage\":\"es\",\"potentialAction\":[{\"@type\":\"ReadAction\",\"target\":[\"https:\/\/www.at2serveis.com\/es\/nueva-clinica-girona-la-construccion-de-la-planta-baja\/\"]}]},{\"@type\":\"ImageObject\",\"inLanguage\":\"es\",\"@id\":\"https:\/\/www.at2serveis.com\/es\/nueva-clinica-girona-la-construccion-de-la-planta-baja\/#primaryimage\",\"url\":\"https:\/\/www.at2serveis.com\/wp-content\/uploads\/2025\/02\/Captura-de-Pantalla-2025-02-18-a-les-9.20.57.png\",\"contentUrl\":\"https:\/\/www.at2serveis.com\/wp-content\/uploads\/2025\/02\/Captura-de-Pantalla-2025-02-18-a-les-9.20.57.png\",\"width\":1000,\"height\":475,\"caption\":\"Nova Cl\u00ednica Girona. La construcci\u00f3 de la Planta baixa\"},{\"@type\":\"BreadcrumbList\",\"@id\":\"https:\/\/www.at2serveis.com\/es\/nueva-clinica-girona-la-construccion-de-la-planta-baja\/#breadcrumb\",\"itemListElement\":[{\"@type\":\"ListItem\",\"position\":1,\"name\":\"Inici\",\"item\":\"https:\/\/www.at2serveis.com\/es\/home\/\"},{\"@type\":\"ListItem\",\"position\":2,\"name\":\"Nueva Cl\u00ednica Girona. La construcci\u00f3n de la Planta Baja\"}]},{\"@type\":\"WebSite\",\"@id\":\"https:\/\/www.at2serveis.com\/es\/#website\",\"url\":\"https:\/\/www.at2serveis.com\/es\/\",\"name\":\"AT2 SERVEIS\",\"description\":\"Direcci\u00f3 i gesti\u00f3 d&#039;obra\",\"publisher\":{\"@id\":\"https:\/\/www.at2serveis.com\/es\/#organization\"},\"alternateName\":\"AT2 SERVEIS - Gesti\u00f3 en edificaci\u00f3\",\"potentialAction\":[{\"@type\":\"SearchAction\",\"target\":{\"@type\":\"EntryPoint\",\"urlTemplate\":\"https:\/\/www.at2serveis.com\/es\/?s={search_term_string}\"},\"query-input\":{\"@type\":\"PropertyValueSpecification\",\"valueRequired\":true,\"valueName\":\"search_term_string\"}}],\"inLanguage\":\"es\"},{\"@type\":\"Organization\",\"@id\":\"https:\/\/www.at2serveis.com\/es\/#organization\",\"name\":\"AT2 SERVEIS\",\"alternateName\":\"AT2 SERVEIS - Gesti\u00f3 en edificaci\u00f3\",\"url\":\"https:\/\/www.at2serveis.com\/es\/\",\"logo\":{\"@type\":\"ImageObject\",\"inLanguage\":\"es\",\"@id\":\"https:\/\/www.at2serveis.com\/es\/#\/schema\/logo\/image\/\",\"url\":\"https:\/\/www.at2serveis.com\/wp-content\/uploads\/2024\/11\/AT2-Serveis-Navicon.png\",\"contentUrl\":\"https:\/\/www.at2serveis.com\/wp-content\/uploads\/2024\/11\/AT2-Serveis-Navicon.png\",\"width\":512,\"height\":512,\"caption\":\"AT2 SERVEIS\"},\"image\":{\"@id\":\"https:\/\/www.at2serveis.com\/es\/#\/schema\/logo\/image\/\"}},{\"@type\":\"Person\",\"@id\":\"https:\/\/www.at2serveis.com\/es\/#\/schema\/person\/d880ccf36e33aafb9c1149c50b4ead1e\",\"name\":\"Neorg\",\"image\":{\"@type\":\"ImageObject\",\"inLanguage\":\"es\",\"@id\":\"https:\/\/www.at2serveis.com\/es\/#\/schema\/person\/image\/\",\"url\":\"https:\/\/secure.gravatar.com\/avatar\/8b62859790ec9b99d5af85f2fb7ca70932b367800f46b4fdf7903543fccbfd72?s=96&d=mm&r=g\",\"contentUrl\":\"https:\/\/secure.gravatar.com\/avatar\/8b62859790ec9b99d5af85f2fb7ca70932b367800f46b4fdf7903543fccbfd72?s=96&d=mm&r=g\",\"caption\":\"Neorg\"},\"sameAs\":[\"https:\/\/www.at2serveis.com\"]}]}<\/script>\n<!-- \/ Yoast SEO plugin. -->","yoast_head_json":{"title":"Nueva Cl\u00ednica Girona. La construcci\u00f3n de la Planta Baja | AT2 SERVEIS","description":"V\u00eddeo de David S\u00e1nchez que muestra el estado de las obras de la nueva Cl\u00ednica Girona en enero de 2020, cuando se construye la planta baja.","robots":{"index":"index","follow":"follow","max-snippet":"max-snippet:-1","max-image-preview":"max-image-preview:large","max-video-preview":"max-video-preview:-1"},"canonical":"https:\/\/www.at2serveis.com\/es\/nueva-clinica-girona-la-construccion-de-la-planta-baja\/","og_locale":"es_ES","og_type":"article","og_title":"Nueva Cl\u00ednica Girona. La construcci\u00f3n de la Planta Baja | AT2 SERVEIS","og_description":"V\u00eddeo de David S\u00e1nchez que muestra el estado de las obras de la nueva Cl\u00ednica Girona en enero de 2020, cuando se construye la planta baja.","og_url":"https:\/\/www.at2serveis.com\/es\/nueva-clinica-girona-la-construccion-de-la-planta-baja\/","og_site_name":"AT2 SERVEIS","article_published_time":"2025-02-18T08:22:17+00:00","og_image":[{"width":1000,"height":475,"url":"https:\/\/www.at2serveis.com\/wp-content\/uploads\/2025\/02\/Captura-de-Pantalla-2025-02-18-a-les-9.20.57.png","type":"image\/png"}],"author":"Neorg","twitter_card":"summary_large_image","twitter_misc":{"Escrito por":"Neorg","Tiempo de lectura":"1 minuto"},"schema":{"@context":"https:\/\/schema.org","@graph":[{"@type":"Article","@id":"https:\/\/www.at2serveis.com\/es\/nueva-clinica-girona-la-construccion-de-la-planta-baja\/#article","isPartOf":{"@id":"https:\/\/www.at2serveis.com\/es\/nueva-clinica-girona-la-construccion-de-la-planta-baja\/"},"author":{"name":"Neorg","@id":"https:\/\/www.at2serveis.com\/es\/#\/schema\/person\/d880ccf36e33aafb9c1149c50b4ead1e"},"headline":"Nueva Cl\u00ednica Girona. La construcci\u00f3n de la Planta Baja","datePublished":"2025-02-18T08:22:17+00:00","mainEntityOfPage":{"@id":"https:\/\/www.at2serveis.com\/es\/nueva-clinica-girona-la-construccion-de-la-planta-baja\/"},"wordCount":212,"publisher":{"@id":"https:\/\/www.at2serveis.com\/es\/#organization"},"image":{"@id":"https:\/\/www.at2serveis.com\/es\/nueva-clinica-girona-la-construccion-de-la-planta-baja\/#primaryimage"},"thumbnailUrl":"https:\/\/www.at2serveis.com\/wp-content\/uploads\/2025\/02\/Captura-de-Pantalla-2025-02-18-a-les-9.20.57.png","articleSection":["Sin categorizar"],"inLanguage":"es"},{"@type":"WebPage","@id":"https:\/\/www.at2serveis.com\/es\/nueva-clinica-girona-la-construccion-de-la-planta-baja\/","url":"https:\/\/www.at2serveis.com\/es\/nueva-clinica-girona-la-construccion-de-la-planta-baja\/","name":"Nueva Cl\u00ednica Girona. La construcci\u00f3n de la Planta Baja | AT2 SERVEIS","isPartOf":{"@id":"https:\/\/www.at2serveis.com\/es\/#website"},"primaryImageOfPage":{"@id":"https:\/\/www.at2serveis.com\/es\/nueva-clinica-girona-la-construccion-de-la-planta-baja\/#primaryimage"},"image":{"@id":"https:\/\/www.at2serveis.com\/es\/nueva-clinica-girona-la-construccion-de-la-planta-baja\/#primaryimage"},"thumbnailUrl":"https:\/\/www.at2serveis.com\/wp-content\/uploads\/2025\/02\/Captura-de-Pantalla-2025-02-18-a-les-9.20.57.png","datePublished":"2025-02-18T08:22:17+00:00","description":"V\u00eddeo de David S\u00e1nchez que muestra el estado de las obras de la nueva Cl\u00ednica Girona en enero de 2020, cuando se construye la planta baja.","breadcrumb":{"@id":"https:\/\/www.at2serveis.com\/es\/nueva-clinica-girona-la-construccion-de-la-planta-baja\/#breadcrumb"},"inLanguage":"es","potentialAction":[{"@type":"ReadAction","target":["https:\/\/www.at2serveis.com\/es\/nueva-clinica-girona-la-construccion-de-la-planta-baja\/"]}]},{"@type":"ImageObject","inLanguage":"es","@id":"https:\/\/www.at2serveis.com\/es\/nueva-clinica-girona-la-construccion-de-la-planta-baja\/#primaryimage","url":"https:\/\/www.at2serveis.com\/wp-content\/uploads\/2025\/02\/Captura-de-Pantalla-2025-02-18-a-les-9.20.57.png","contentUrl":"https:\/\/www.at2serveis.com\/wp-content\/uploads\/2025\/02\/Captura-de-Pantalla-2025-02-18-a-les-9.20.57.png","width":1000,"height":475,"caption":"Nova Cl\u00ednica Girona. La construcci\u00f3 de la Planta baixa"},{"@type":"BreadcrumbList","@id":"https:\/\/www.at2serveis.com\/es\/nueva-clinica-girona-la-construccion-de-la-planta-baja\/#breadcrumb","itemListElement":[{"@type":"ListItem","position":1,"name":"Inici","item":"https:\/\/www.at2serveis.com\/es\/home\/"},{"@type":"ListItem","position":2,"name":"Nueva Cl\u00ednica Girona. La construcci\u00f3n de la Planta Baja"}]},{"@type":"WebSite","@id":"https:\/\/www.at2serveis.com\/es\/#website","url":"https:\/\/www.at2serveis.com\/es\/","name":"AT2 SERVEIS","description":"Direcci\u00f3 i gesti\u00f3 d&#039;obra","publisher":{"@id":"https:\/\/www.at2serveis.com\/es\/#organization"},"alternateName":"AT2 SERVEIS - Gesti\u00f3 en edificaci\u00f3","potentialAction":[{"@type":"SearchAction","target":{"@type":"EntryPoint","urlTemplate":"https:\/\/www.at2serveis.com\/es\/?s={search_term_string}"},"query-input":{"@type":"PropertyValueSpecification","valueRequired":true,"valueName":"search_term_string"}}],"inLanguage":"es"},{"@type":"Organization","@id":"https:\/\/www.at2serveis.com\/es\/#organization","name":"AT2 SERVEIS","alternateName":"AT2 SERVEIS - Gesti\u00f3 en edificaci\u00f3","url":"https:\/\/www.at2serveis.com\/es\/","logo":{"@type":"ImageObject","inLanguage":"es","@id":"https:\/\/www.at2serveis.com\/es\/#\/schema\/logo\/image\/","url":"https:\/\/www.at2serveis.com\/wp-content\/uploads\/2024\/11\/AT2-Serveis-Navicon.png","contentUrl":"https:\/\/www.at2serveis.com\/wp-content\/uploads\/2024\/11\/AT2-Serveis-Navicon.png","width":512,"height":512,"caption":"AT2 SERVEIS"},"image":{"@id":"https:\/\/www.at2serveis.com\/es\/#\/schema\/logo\/image\/"}},{"@type":"Person","@id":"https:\/\/www.at2serveis.com\/es\/#\/schema\/person\/d880ccf36e33aafb9c1149c50b4ead1e","name":"Neorg","image":{"@type":"ImageObject","inLanguage":"es","@id":"https:\/\/www.at2serveis.com\/es\/#\/schema\/person\/image\/","url":"https:\/\/secure.gravatar.com\/avatar\/8b62859790ec9b99d5af85f2fb7ca70932b367800f46b4fdf7903543fccbfd72?s=96&d=mm&r=g","contentUrl":"https:\/\/secure.gravatar.com\/avatar\/8b62859790ec9b99d5af85f2fb7ca70932b367800f46b4fdf7903543fccbfd72?s=96&d=mm&r=g","caption":"Neorg"},"sameAs":["https:\/\/www.at2serveis.com"]}]}},"_links":{"self":[{"href":"https:\/\/www.at2serveis.com\/es\/wp-json\/wp\/v2\/posts\/1816","targetHints":{"allow":["GET"]}}],"collection":[{"href":"https:\/\/www.at2serveis.com\/es\/wp-json\/wp\/v2\/posts"}],"about":[{"href":"https:\/\/www.at2serveis.com\/es\/wp-json\/wp\/v2\/types\/post"}],"author":[{"embeddable":true,"href":"https:\/\/www.at2serveis.com\/es\/wp-json\/wp\/v2\/users\/1"}],"replies":[{"embeddable":true,"href":"https:\/\/www.at2serveis.com\/es\/wp-json\/wp\/v2\/comments?post=1816"}],"version-history":[{"count":0,"href":"https:\/\/www.at2serveis.com\/es\/wp-json\/wp\/v2\/posts\/1816\/revisions"}],"wp:featuredmedia":[{"embeddable":true,"href":"https:\/\/www.at2serveis.com\/es\/wp-json\/wp\/v2\/media\/1750"}],"wp:attachment":[{"href":"https:\/\/www.at2serveis.com\/es\/wp-json\/wp\/v2\/media?parent=1816"}],"wp:term":[{"taxonomy":"category","embeddable":true,"href":"https:\/\/www.at2serveis.com\/es\/wp-json\/wp\/v2\/categories?post=1816"},{"taxonomy":"post_tag","embeddable":true,"href":"https:\/\/www.at2serveis.com\/es\/wp-json\/wp\/v2\/tags?post=1816"}],"curies":[{"name":"wp","href":"https:\/\/api.w.org\/{rel}","templated":true}]}}