{"id":1817,"date":"2025-02-18T09:25:10","date_gmt":"2025-02-18T08:25:10","guid":{"rendered":"https:\/\/www.at2serveis.com\/el-nuevo-palacio-de-justicia-se-inaugurara-en-septiembre\/"},"modified":"2025-02-18T09:25:10","modified_gmt":"2025-02-18T08:25:10","slug":"el-nuevo-palacio-de-justicia-se-inaugurara-en-septiembre","status":"publish","type":"post","link":"https:\/\/www.at2serveis.com\/es\/el-nuevo-palacio-de-justicia-se-inaugurara-en-septiembre\/","title":{"rendered":"El nuevo Palacio de Justicia se inaugurar\u00e1 en septiembre"},"content":{"rendered":"<p data-start=\"55\" data-end=\"131\"><strong data-start=\"55\" data-end=\"74\">Diari de Girona<\/strong> <strong data-start=\"77\" data-end=\"129\">El nuevo Palacio de Justicia se inaugurar\u00e1 en septiembre<\/strong><\/p>\n<p data-start=\"133\" data-end=\"254\">El Juzgado de Girona ya conf\u00eda en los jueces para finales de mes ya que el edificio estaba \u00abtotalmente operativo\u00bb en esas fiestas.<\/p>\n<p data-start=\"256\" data-end=\"281\">\ud83d\udcc5 <em data-start=\"259\" data-end=\"279\">22.08.2012 | 17:50<\/em><\/p>\n<p data-start=\"283\" data-end=\"508\">El Tribunal de Girona ya fija los juicios previstos para la segunda quincena de septiembre en el nuevo Palacio de Justicia. El presidente, <strong data-start=\"412\" data-end=\"431\">Fernando Lacaba<\/strong>, ha anunciado el calendario detallado del traslado al nuevo edificio.<\/p>\n<p data-start=\"510\" data-end=\"700\">Los primeros en abrir las dependencias ser\u00e1n los servicios del <strong data-start=\"573\" data-end=\"600\">Departamento de Justicia<\/strong> y del <strong data-start=\"606\" data-end=\"626\">Tribunal de Menores<\/strong>, que comenzar\u00e1n a instalarse en el nuevo Palacio de Justicia este mes de julio.<\/p>\n<p data-start=\"702\" data-end=\"862\">Las \u00faltimas en llegar ser\u00e1n las secciones de la Corte y la Fiscal\u00eda. Sin embargo, se espera que el edificio est\u00e9 \u00ab<strong data-start=\"813\" data-end=\"837\">plenamente operativo\u00bb<\/strong> a principios de octubre.<\/p>\n<p data-start=\"864\" data-end=\"1006\">Las notificaciones de conflictos penales, sociales y administrativos previstas para mediados de septiembre ya se realizar\u00e1n en la nueva ubicaci\u00f3n.<\/p>\n<p data-start=\"864\" data-end=\"1006\">\n<p>https:\/\/www.diaridegirona.cat\/girona\/2012\/05\/22\/nou-palau-justicia-s-estrenara-49376141.html<\/p>\n","protected":false},"excerpt":{"rendered":"<p>Diari de Girona El nuevo Palacio de Justicia se inaugurar\u00e1 en septiembre El Juzgado de Girona ya conf\u00eda en los jueces para finales de mes ya que el edificio estaba \u00abtotalmente operativo\u00bb en esas fiestas. \ud83d\udcc5 22.08.2012 | 17:50 El Tribunal de Girona ya fija los juicios previstos para la segunda quincena de septiembre en&hellip;&nbsp;<a href=\"https:\/\/www.at2serveis.com\/es\/el-nuevo-palacio-de-justicia-se-inaugurara-en-septiembre\/\" rel=\"bookmark\">Leer m\u00e1s &raquo;<span class=\"screen-reader-text\">El nuevo Palacio de Justicia se inaugurar\u00e1 en septiembre<\/span><\/a><\/p>\n","protected":false},"author":1,"featured_media":1761,"comment_status":"closed","ping_status":"closed","sticky":false,"template":"","format":"standard","meta":{"_acf_changed":false,"neve_meta_sidebar":"","neve_meta_container":"","neve_meta_enable_content_width":"off","neve_meta_content_width":70,"neve_meta_title_alignment":"","neve_meta_author_avatar":"","neve_post_elements_order":"","neve_meta_disable_header":"","neve_meta_disable_footer":"","neve_meta_disable_title":"","footnotes":""},"categories":[21],"tags":[],"class_list":["post-1817","post","type-post","status-publish","format-standard","has-post-thumbnail","hentry","category-sin-categorizar"],"acf":[],"yoast_head":"<!-- This site is optimized with the Yoast SEO plugin v25.5 - https:\/\/yoast.com\/wordpress\/plugins\/seo\/ -->\n<title>El nuevo Palacio de Justicia se inaugurar\u00e1 en septiembre | AT2 SERVEIS<\/title>\n<meta name=\"description\" content=\"El Juzgado de Girona ya fija los juicios para finales de mes ya que el edificio estaba &quot;totalmente operativo&quot; en esas fechas.\" \/>\n<meta name=\"robots\" content=\"index, follow, max-snippet:-1, max-image-preview:large, max-video-preview:-1\" \/>\n<link rel=\"canonical\" href=\"https:\/\/www.at2serveis.com\/es\/el-nuevo-palacio-de-justicia-se-inaugurara-en-septiembre\/\" \/>\n<meta property=\"og:locale\" content=\"es_ES\" \/>\n<meta property=\"og:type\" content=\"article\" \/>\n<meta property=\"og:title\" content=\"El nuevo Palacio de Justicia se inaugurar\u00e1 en septiembre | AT2 SERVEIS\" \/>\n<meta property=\"og:description\" content=\"El Juzgado de Girona ya fija los juicios para finales de mes ya que el edificio estaba &quot;totalmente operativo&quot; en esas fechas.\" \/>\n<meta property=\"og:url\" content=\"https:\/\/www.at2serveis.com\/es\/el-nuevo-palacio-de-justicia-se-inaugurara-en-septiembre\/\" \/>\n<meta property=\"og:site_name\" content=\"AT2 SERVEIS\" \/>\n<meta property=\"article:published_time\" content=\"2025-02-18T08:25:10+00:00\" \/>\n<meta property=\"og:image\" content=\"https:\/\/www.at2serveis.com\/wp-content\/uploads\/2025\/02\/palau-justicia-girona.jpg\" \/>\n\t<meta property=\"og:image:width\" content=\"1280\" \/>\n\t<meta property=\"og:image:height\" content=\"720\" \/>\n\t<meta property=\"og:image:type\" content=\"image\/jpeg\" \/>\n<meta name=\"author\" content=\"Neorg\" \/>\n<meta name=\"twitter:card\" content=\"summary_large_image\" \/>\n<meta name=\"twitter:label1\" content=\"Escrito por\" \/>\n\t<meta name=\"twitter:data1\" content=\"Neorg\" \/>\n\t<meta name=\"twitter:label2\" content=\"Tiempo de lectura\" \/>\n\t<meta name=\"twitter:data2\" content=\"1 minuto\" \/>\n<script type=\"application\/ld+json\" class=\"yoast-schema-graph\">{\"@context\":\"https:\/\/schema.org\",\"@graph\":[{\"@type\":\"Article\",\"@id\":\"https:\/\/www.at2serveis.com\/es\/el-nuevo-palacio-de-justicia-se-inaugurara-en-septiembre\/#article\",\"isPartOf\":{\"@id\":\"https:\/\/www.at2serveis.com\/es\/el-nuevo-palacio-de-justicia-se-inaugurara-en-septiembre\/\"},\"author\":{\"name\":\"Neorg\",\"@id\":\"https:\/\/www.at2serveis.com\/es\/#\/schema\/person\/d880ccf36e33aafb9c1149c50b4ead1e\"},\"headline\":\"El nuevo Palacio de Justicia se inaugurar\u00e1 en septiembre\",\"datePublished\":\"2025-02-18T08:25:10+00:00\",\"mainEntityOfPage\":{\"@id\":\"https:\/\/www.at2serveis.com\/es\/el-nuevo-palacio-de-justicia-se-inaugurara-en-septiembre\/\"},\"wordCount\":172,\"publisher\":{\"@id\":\"https:\/\/www.at2serveis.com\/es\/#organization\"},\"image\":{\"@id\":\"https:\/\/www.at2serveis.com\/es\/el-nuevo-palacio-de-justicia-se-inaugurara-en-septiembre\/#primaryimage\"},\"thumbnailUrl\":\"https:\/\/www.at2serveis.com\/wp-content\/uploads\/2025\/02\/palau-justicia-girona.jpg\",\"articleSection\":[\"Sin categorizar\"],\"inLanguage\":\"es\"},{\"@type\":\"WebPage\",\"@id\":\"https:\/\/www.at2serveis.com\/es\/el-nuevo-palacio-de-justicia-se-inaugurara-en-septiembre\/\",\"url\":\"https:\/\/www.at2serveis.com\/es\/el-nuevo-palacio-de-justicia-se-inaugurara-en-septiembre\/\",\"name\":\"El nuevo Palacio de Justicia se inaugurar\u00e1 en septiembre | AT2 SERVEIS\",\"isPartOf\":{\"@id\":\"https:\/\/www.at2serveis.com\/es\/#website\"},\"primaryImageOfPage\":{\"@id\":\"https:\/\/www.at2serveis.com\/es\/el-nuevo-palacio-de-justicia-se-inaugurara-en-septiembre\/#primaryimage\"},\"image\":{\"@id\":\"https:\/\/www.at2serveis.com\/es\/el-nuevo-palacio-de-justicia-se-inaugurara-en-septiembre\/#primaryimage\"},\"thumbnailUrl\":\"https:\/\/www.at2serveis.com\/wp-content\/uploads\/2025\/02\/palau-justicia-girona.jpg\",\"datePublished\":\"2025-02-18T08:25:10+00:00\",\"description\":\"El Juzgado de Girona ya fija los juicios para finales de mes ya que el edificio estaba \\\"totalmente operativo\\\" en esas fechas.\",\"breadcrumb\":{\"@id\":\"https:\/\/www.at2serveis.com\/es\/el-nuevo-palacio-de-justicia-se-inaugurara-en-septiembre\/#breadcrumb\"},\"inLanguage\":\"es\",\"potentialAction\":[{\"@type\":\"ReadAction\",\"target\":[\"https:\/\/www.at2serveis.com\/es\/el-nuevo-palacio-de-justicia-se-inaugurara-en-septiembre\/\"]}]},{\"@type\":\"ImageObject\",\"inLanguage\":\"es\",\"@id\":\"https:\/\/www.at2serveis.com\/es\/el-nuevo-palacio-de-justicia-se-inaugurara-en-septiembre\/#primaryimage\",\"url\":\"https:\/\/www.at2serveis.com\/wp-content\/uploads\/2025\/02\/palau-justicia-girona.jpg\",\"contentUrl\":\"https:\/\/www.at2serveis.com\/wp-content\/uploads\/2025\/02\/palau-justicia-girona.jpg\",\"width\":1280,\"height\":720,\"caption\":\"palau justicia girona\"},{\"@type\":\"BreadcrumbList\",\"@id\":\"https:\/\/www.at2serveis.com\/es\/el-nuevo-palacio-de-justicia-se-inaugurara-en-septiembre\/#breadcrumb\",\"itemListElement\":[{\"@type\":\"ListItem\",\"position\":1,\"name\":\"Inici\",\"item\":\"https:\/\/www.at2serveis.com\/es\/home\/\"},{\"@type\":\"ListItem\",\"position\":2,\"name\":\"El nuevo Palacio de Justicia se inaugurar\u00e1 en septiembre\"}]},{\"@type\":\"WebSite\",\"@id\":\"https:\/\/www.at2serveis.com\/es\/#website\",\"url\":\"https:\/\/www.at2serveis.com\/es\/\",\"name\":\"AT2 SERVEIS\",\"description\":\"Direcci\u00f3 i gesti\u00f3 d&#039;obra\",\"publisher\":{\"@id\":\"https:\/\/www.at2serveis.com\/es\/#organization\"},\"alternateName\":\"AT2 SERVEIS - Gesti\u00f3 en edificaci\u00f3\",\"potentialAction\":[{\"@type\":\"SearchAction\",\"target\":{\"@type\":\"EntryPoint\",\"urlTemplate\":\"https:\/\/www.at2serveis.com\/es\/?s={search_term_string}\"},\"query-input\":{\"@type\":\"PropertyValueSpecification\",\"valueRequired\":true,\"valueName\":\"search_term_string\"}}],\"inLanguage\":\"es\"},{\"@type\":\"Organization\",\"@id\":\"https:\/\/www.at2serveis.com\/es\/#organization\",\"name\":\"AT2 SERVEIS\",\"alternateName\":\"AT2 SERVEIS - Gesti\u00f3 en edificaci\u00f3\",\"url\":\"https:\/\/www.at2serveis.com\/es\/\",\"logo\":{\"@type\":\"ImageObject\",\"inLanguage\":\"es\",\"@id\":\"https:\/\/www.at2serveis.com\/es\/#\/schema\/logo\/image\/\",\"url\":\"https:\/\/www.at2serveis.com\/wp-content\/uploads\/2024\/11\/AT2-Serveis-Navicon.png\",\"contentUrl\":\"https:\/\/www.at2serveis.com\/wp-content\/uploads\/2024\/11\/AT2-Serveis-Navicon.png\",\"width\":512,\"height\":512,\"caption\":\"AT2 SERVEIS\"},\"image\":{\"@id\":\"https:\/\/www.at2serveis.com\/es\/#\/schema\/logo\/image\/\"}},{\"@type\":\"Person\",\"@id\":\"https:\/\/www.at2serveis.com\/es\/#\/schema\/person\/d880ccf36e33aafb9c1149c50b4ead1e\",\"name\":\"Neorg\",\"image\":{\"@type\":\"ImageObject\",\"inLanguage\":\"es\",\"@id\":\"https:\/\/www.at2serveis.com\/es\/#\/schema\/person\/image\/\",\"url\":\"https:\/\/secure.gravatar.com\/avatar\/8b62859790ec9b99d5af85f2fb7ca70932b367800f46b4fdf7903543fccbfd72?s=96&d=mm&r=g\",\"contentUrl\":\"https:\/\/secure.gravatar.com\/avatar\/8b62859790ec9b99d5af85f2fb7ca70932b367800f46b4fdf7903543fccbfd72?s=96&d=mm&r=g\",\"caption\":\"Neorg\"},\"sameAs\":[\"https:\/\/www.at2serveis.com\"]}]}<\/script>\n<!-- \/ Yoast SEO plugin. -->","yoast_head_json":{"title":"El nuevo Palacio de Justicia se inaugurar\u00e1 en septiembre | AT2 SERVEIS","description":"El Juzgado de Girona ya fija los juicios para finales de mes ya que el edificio estaba \"totalmente operativo\" en esas fechas.","robots":{"index":"index","follow":"follow","max-snippet":"max-snippet:-1","max-image-preview":"max-image-preview:large","max-video-preview":"max-video-preview:-1"},"canonical":"https:\/\/www.at2serveis.com\/es\/el-nuevo-palacio-de-justicia-se-inaugurara-en-septiembre\/","og_locale":"es_ES","og_type":"article","og_title":"El nuevo Palacio de Justicia se inaugurar\u00e1 en septiembre | AT2 SERVEIS","og_description":"El Juzgado de Girona ya fija los juicios para finales de mes ya que el edificio estaba \"totalmente operativo\" en esas fechas.","og_url":"https:\/\/www.at2serveis.com\/es\/el-nuevo-palacio-de-justicia-se-inaugurara-en-septiembre\/","og_site_name":"AT2 SERVEIS","article_published_time":"2025-02-18T08:25:10+00:00","og_image":[{"width":1280,"height":720,"url":"https:\/\/www.at2serveis.com\/wp-content\/uploads\/2025\/02\/palau-justicia-girona.jpg","type":"image\/jpeg"}],"author":"Neorg","twitter_card":"summary_large_image","twitter_misc":{"Escrito por":"Neorg","Tiempo de lectura":"1 minuto"},"schema":{"@context":"https:\/\/schema.org","@graph":[{"@type":"Article","@id":"https:\/\/www.at2serveis.com\/es\/el-nuevo-palacio-de-justicia-se-inaugurara-en-septiembre\/#article","isPartOf":{"@id":"https:\/\/www.at2serveis.com\/es\/el-nuevo-palacio-de-justicia-se-inaugurara-en-septiembre\/"},"author":{"name":"Neorg","@id":"https:\/\/www.at2serveis.com\/es\/#\/schema\/person\/d880ccf36e33aafb9c1149c50b4ead1e"},"headline":"El nuevo Palacio de Justicia se inaugurar\u00e1 en septiembre","datePublished":"2025-02-18T08:25:10+00:00","mainEntityOfPage":{"@id":"https:\/\/www.at2serveis.com\/es\/el-nuevo-palacio-de-justicia-se-inaugurara-en-septiembre\/"},"wordCount":172,"publisher":{"@id":"https:\/\/www.at2serveis.com\/es\/#organization"},"image":{"@id":"https:\/\/www.at2serveis.com\/es\/el-nuevo-palacio-de-justicia-se-inaugurara-en-septiembre\/#primaryimage"},"thumbnailUrl":"https:\/\/www.at2serveis.com\/wp-content\/uploads\/2025\/02\/palau-justicia-girona.jpg","articleSection":["Sin categorizar"],"inLanguage":"es"},{"@type":"WebPage","@id":"https:\/\/www.at2serveis.com\/es\/el-nuevo-palacio-de-justicia-se-inaugurara-en-septiembre\/","url":"https:\/\/www.at2serveis.com\/es\/el-nuevo-palacio-de-justicia-se-inaugurara-en-septiembre\/","name":"El nuevo Palacio de Justicia se inaugurar\u00e1 en septiembre | AT2 SERVEIS","isPartOf":{"@id":"https:\/\/www.at2serveis.com\/es\/#website"},"primaryImageOfPage":{"@id":"https:\/\/www.at2serveis.com\/es\/el-nuevo-palacio-de-justicia-se-inaugurara-en-septiembre\/#primaryimage"},"image":{"@id":"https:\/\/www.at2serveis.com\/es\/el-nuevo-palacio-de-justicia-se-inaugurara-en-septiembre\/#primaryimage"},"thumbnailUrl":"https:\/\/www.at2serveis.com\/wp-content\/uploads\/2025\/02\/palau-justicia-girona.jpg","datePublished":"2025-02-18T08:25:10+00:00","description":"El Juzgado de Girona ya fija los juicios para finales de mes ya que el edificio estaba \"totalmente operativo\" en esas fechas.","breadcrumb":{"@id":"https:\/\/www.at2serveis.com\/es\/el-nuevo-palacio-de-justicia-se-inaugurara-en-septiembre\/#breadcrumb"},"inLanguage":"es","potentialAction":[{"@type":"ReadAction","target":["https:\/\/www.at2serveis.com\/es\/el-nuevo-palacio-de-justicia-se-inaugurara-en-septiembre\/"]}]},{"@type":"ImageObject","inLanguage":"es","@id":"https:\/\/www.at2serveis.com\/es\/el-nuevo-palacio-de-justicia-se-inaugurara-en-septiembre\/#primaryimage","url":"https:\/\/www.at2serveis.com\/wp-content\/uploads\/2025\/02\/palau-justicia-girona.jpg","contentUrl":"https:\/\/www.at2serveis.com\/wp-content\/uploads\/2025\/02\/palau-justicia-girona.jpg","width":1280,"height":720,"caption":"palau justicia girona"},{"@type":"BreadcrumbList","@id":"https:\/\/www.at2serveis.com\/es\/el-nuevo-palacio-de-justicia-se-inaugurara-en-septiembre\/#breadcrumb","itemListElement":[{"@type":"ListItem","position":1,"name":"Inici","item":"https:\/\/www.at2serveis.com\/es\/home\/"},{"@type":"ListItem","position":2,"name":"El nuevo Palacio de Justicia se inaugurar\u00e1 en septiembre"}]},{"@type":"WebSite","@id":"https:\/\/www.at2serveis.com\/es\/#website","url":"https:\/\/www.at2serveis.com\/es\/","name":"AT2 SERVEIS","description":"Direcci\u00f3 i gesti\u00f3 d&#039;obra","publisher":{"@id":"https:\/\/www.at2serveis.com\/es\/#organization"},"alternateName":"AT2 SERVEIS - Gesti\u00f3 en edificaci\u00f3","potentialAction":[{"@type":"SearchAction","target":{"@type":"EntryPoint","urlTemplate":"https:\/\/www.at2serveis.com\/es\/?s={search_term_string}"},"query-input":{"@type":"PropertyValueSpecification","valueRequired":true,"valueName":"search_term_string"}}],"inLanguage":"es"},{"@type":"Organization","@id":"https:\/\/www.at2serveis.com\/es\/#organization","name":"AT2 SERVEIS","alternateName":"AT2 SERVEIS - Gesti\u00f3 en edificaci\u00f3","url":"https:\/\/www.at2serveis.com\/es\/","logo":{"@type":"ImageObject","inLanguage":"es","@id":"https:\/\/www.at2serveis.com\/es\/#\/schema\/logo\/image\/","url":"https:\/\/www.at2serveis.com\/wp-content\/uploads\/2024\/11\/AT2-Serveis-Navicon.png","contentUrl":"https:\/\/www.at2serveis.com\/wp-content\/uploads\/2024\/11\/AT2-Serveis-Navicon.png","width":512,"height":512,"caption":"AT2 SERVEIS"},"image":{"@id":"https:\/\/www.at2serveis.com\/es\/#\/schema\/logo\/image\/"}},{"@type":"Person","@id":"https:\/\/www.at2serveis.com\/es\/#\/schema\/person\/d880ccf36e33aafb9c1149c50b4ead1e","name":"Neorg","image":{"@type":"ImageObject","inLanguage":"es","@id":"https:\/\/www.at2serveis.com\/es\/#\/schema\/person\/image\/","url":"https:\/\/secure.gravatar.com\/avatar\/8b62859790ec9b99d5af85f2fb7ca70932b367800f46b4fdf7903543fccbfd72?s=96&d=mm&r=g","contentUrl":"https:\/\/secure.gravatar.com\/avatar\/8b62859790ec9b99d5af85f2fb7ca70932b367800f46b4fdf7903543fccbfd72?s=96&d=mm&r=g","caption":"Neorg"},"sameAs":["https:\/\/www.at2serveis.com"]}]}},"_links":{"self":[{"href":"https:\/\/www.at2serveis.com\/es\/wp-json\/wp\/v2\/posts\/1817","targetHints":{"allow":["GET"]}}],"collection":[{"href":"https:\/\/www.at2serveis.com\/es\/wp-json\/wp\/v2\/posts"}],"about":[{"href":"https:\/\/www.at2serveis.com\/es\/wp-json\/wp\/v2\/types\/post"}],"author":[{"embeddable":true,"href":"https:\/\/www.at2serveis.com\/es\/wp-json\/wp\/v2\/users\/1"}],"replies":[{"embeddable":true,"href":"https:\/\/www.at2serveis.com\/es\/wp-json\/wp\/v2\/comments?post=1817"}],"version-history":[{"count":0,"href":"https:\/\/www.at2serveis.com\/es\/wp-json\/wp\/v2\/posts\/1817\/revisions"}],"wp:featuredmedia":[{"embeddable":true,"href":"https:\/\/www.at2serveis.com\/es\/wp-json\/wp\/v2\/media\/1761"}],"wp:attachment":[{"href":"https:\/\/www.at2serveis.com\/es\/wp-json\/wp\/v2\/media?parent=1817"}],"wp:term":[{"taxonomy":"category","embeddable":true,"href":"https:\/\/www.at2serveis.com\/es\/wp-json\/wp\/v2\/categories?post=1817"},{"taxonomy":"post_tag","embeddable":true,"href":"https:\/\/www.at2serveis.com\/es\/wp-json\/wp\/v2\/tags?post=1817"}],"curies":[{"name":"wp","href":"https:\/\/api.w.org\/{rel}","templated":true}]}}