{"id":1818,"date":"2025-02-18T09:24:00","date_gmt":"2025-02-18T08:24:00","guid":{"rendered":"https:\/\/www.at2serveis.com\/estrenan-una-ampliacion-en-el-instituto-montsoriu-de-arbucies\/"},"modified":"2025-02-18T09:24:00","modified_gmt":"2025-02-18T08:24:00","slug":"estrenan-una-ampliacion-en-el-instituto-montsoriu-de-arbucies","status":"publish","type":"post","link":"https:\/\/www.at2serveis.com\/es\/estrenan-una-ampliacion-en-el-instituto-montsoriu-de-arbucies\/","title":{"rendered":"Estrenan una ampliaci\u00f3n en el instituto Montsoriu de Arb\u00facies"},"content":{"rendered":"<p data-start=\"55\" data-end=\"102\"><strong data-start=\"55\" data-end=\"72\">EL PUNT AVUI+<\/strong><br \/>Mi\u00e9rcoles 4 de noviembre de 2020<\/p>\n<h3 data-start=\"104\" data-end=\"161\"><strong data-start=\"108\" data-end=\"159\">EDUCACI\u00d3N ARB\u00daCIES 11 de septiembre de 2017 2.00 horas<\/strong><\/h3>\n<h4 data-start=\"163\" data-end=\"251\"><strong data-start=\"168\" data-end=\"249\">Estrenan una ampliaci\u00f3n y ponen fin al cuartel del instituto Montsoriu de Arb\u00facies<\/strong><\/h4>\n<ul data-start=\"253\" data-end=\"435\">\n<li data-start=\"253\" data-end=\"326\">\ud83c\udfeb <strong data-start=\"258\" data-end=\"324\">Educaci\u00f3n ha renovado el centro con una inversi\u00f3n de 6 millones<\/strong><\/li>\n<li data-start=\"327\" data-end=\"435\">\ud83d\udc68\u200d\ud83c\udfeb <strong data-start=\"335\" data-end=\"433\">Los estudiantes y profesores tienen los espacios en una \u00fanica sede, y ya no tienen que realizar ninguna actividad al aire libre<\/strong><\/li>\n<\/ul>\n<p>&nbsp;<\/p>\n<p>&nbsp;<\/p>\n<p><iframe class=\"wp-embedded-content\" sandbox=\"allow-scripts\" security=\"restricted\" title=\"Estrenen ampliaci\u00f3 i posen fi als barracons a l\u2019institut Montsoriu d\u2019Arb\u00facies\" src=\"https:\/\/www.elpuntavui.cat\/societat\/article\/1235972-sense-pati-i-desplacaments-a-peu-al-pavello.html?utm_medium=oembed&#038;utm_source=desconegut&#038;utm_campaign=oembed&#038;layout=oembed&#038;tmpl=oembed#?secret=dX3CNZAWun\" data-secret=\"dX3CNZAWun\" height=\"auto\" frameborder=\"0\"><\/iframe><\/p>\n","protected":false},"excerpt":{"rendered":"<p>EL PUNT AVUI+Mi\u00e9rcoles 4 de noviembre de 2020 EDUCACI\u00d3N ARB\u00daCIES 11 de septiembre de 2017 2.00 horas Estrenan una ampliaci\u00f3n y ponen fin al cuartel del instituto Montsoriu de Arb\u00facies \ud83c\udfeb Educaci\u00f3n ha renovado el centro con una inversi\u00f3n de 6 millones \ud83d\udc68\u200d\ud83c\udfeb Los estudiantes y profesores tienen los espacios en una \u00fanica sede, y&hellip;&nbsp;<a href=\"https:\/\/www.at2serveis.com\/es\/estrenan-una-ampliacion-en-el-instituto-montsoriu-de-arbucies\/\" rel=\"bookmark\">Leer m\u00e1s &raquo;<span class=\"screen-reader-text\">Estrenan una ampliaci\u00f3n en el instituto Montsoriu de Arb\u00facies<\/span><\/a><\/p>\n","protected":false},"author":1,"featured_media":1754,"comment_status":"closed","ping_status":"closed","sticky":false,"template":"","format":"standard","meta":{"_acf_changed":false,"neve_meta_sidebar":"","neve_meta_container":"","neve_meta_enable_content_width":"off","neve_meta_content_width":70,"neve_meta_title_alignment":"","neve_meta_author_avatar":"","neve_post_elements_order":"","neve_meta_disable_header":"","neve_meta_disable_footer":"","neve_meta_disable_title":"","footnotes":""},"categories":[21],"tags":[],"class_list":["post-1818","post","type-post","status-publish","format-standard","has-post-thumbnail","hentry","category-sin-categorizar"],"acf":[],"yoast_head":"<!-- This site is optimized with the Yoast SEO plugin v25.5 - https:\/\/yoast.com\/wordpress\/plugins\/seo\/ -->\n<title>Estrenan una ampliaci\u00f3n en el instituto Montsoriu de Arb\u00facies | AT2 SERVEIS<\/title>\n<meta name=\"description\" content=\"Estrenan una ampliaci\u00f3n y ponen fin al cuartel del instituto Montsoriu d&#039;Arbuncies. La educaci\u00f3n ha renovado el centro.\" \/>\n<meta name=\"robots\" content=\"index, follow, max-snippet:-1, max-image-preview:large, max-video-preview:-1\" \/>\n<link rel=\"canonical\" href=\"https:\/\/www.at2serveis.com\/es\/estrenan-una-ampliacion-en-el-instituto-montsoriu-de-arbucies\/\" \/>\n<meta property=\"og:locale\" content=\"es_ES\" \/>\n<meta property=\"og:type\" content=\"article\" \/>\n<meta property=\"og:title\" content=\"Estrenan una ampliaci\u00f3n en el instituto Montsoriu de Arb\u00facies | AT2 SERVEIS\" \/>\n<meta property=\"og:description\" content=\"Estrenan una ampliaci\u00f3n y ponen fin al cuartel del instituto Montsoriu d&#039;Arbuncies. La educaci\u00f3n ha renovado el centro.\" \/>\n<meta property=\"og:url\" content=\"https:\/\/www.at2serveis.com\/es\/estrenan-una-ampliacion-en-el-instituto-montsoriu-de-arbucies\/\" \/>\n<meta property=\"og:site_name\" content=\"AT2 SERVEIS\" \/>\n<meta property=\"article:published_time\" content=\"2025-02-18T08:24:00+00:00\" \/>\n<meta property=\"og:image\" content=\"https:\/\/www.at2serveis.com\/wp-content\/uploads\/2025\/02\/Captura-de-Pantalla-2025-02-18-a-les-9.22.42.png\" \/>\n\t<meta property=\"og:image:width\" content=\"549\" \/>\n\t<meta property=\"og:image:height\" content=\"350\" \/>\n\t<meta property=\"og:image:type\" content=\"image\/png\" \/>\n<meta name=\"author\" content=\"Neorg\" \/>\n<meta name=\"twitter:card\" content=\"summary_large_image\" \/>\n<meta name=\"twitter:label1\" content=\"Escrito por\" \/>\n\t<meta name=\"twitter:data1\" content=\"Neorg\" \/>\n<script type=\"application\/ld+json\" class=\"yoast-schema-graph\">{\"@context\":\"https:\/\/schema.org\",\"@graph\":[{\"@type\":\"Article\",\"@id\":\"https:\/\/www.at2serveis.com\/es\/estrenan-una-ampliacion-en-el-instituto-montsoriu-de-arbucies\/#article\",\"isPartOf\":{\"@id\":\"https:\/\/www.at2serveis.com\/es\/estrenan-una-ampliacion-en-el-instituto-montsoriu-de-arbucies\/\"},\"author\":{\"name\":\"Neorg\",\"@id\":\"https:\/\/www.at2serveis.com\/es\/#\/schema\/person\/d880ccf36e33aafb9c1149c50b4ead1e\"},\"headline\":\"Estrenan una ampliaci\u00f3n en el instituto Montsoriu de Arb\u00facies\",\"datePublished\":\"2025-02-18T08:24:00+00:00\",\"mainEntityOfPage\":{\"@id\":\"https:\/\/www.at2serveis.com\/es\/estrenan-una-ampliacion-en-el-instituto-montsoriu-de-arbucies\/\"},\"wordCount\":86,\"publisher\":{\"@id\":\"https:\/\/www.at2serveis.com\/es\/#organization\"},\"image\":{\"@id\":\"https:\/\/www.at2serveis.com\/es\/estrenan-una-ampliacion-en-el-instituto-montsoriu-de-arbucies\/#primaryimage\"},\"thumbnailUrl\":\"https:\/\/www.at2serveis.com\/wp-content\/uploads\/2025\/02\/Captura-de-Pantalla-2025-02-18-a-les-9.22.42.png\",\"articleSection\":[\"Sin categorizar\"],\"inLanguage\":\"es\"},{\"@type\":\"WebPage\",\"@id\":\"https:\/\/www.at2serveis.com\/es\/estrenan-una-ampliacion-en-el-instituto-montsoriu-de-arbucies\/\",\"url\":\"https:\/\/www.at2serveis.com\/es\/estrenan-una-ampliacion-en-el-instituto-montsoriu-de-arbucies\/\",\"name\":\"Estrenan una ampliaci\u00f3n en el instituto Montsoriu de Arb\u00facies | AT2 SERVEIS\",\"isPartOf\":{\"@id\":\"https:\/\/www.at2serveis.com\/es\/#website\"},\"primaryImageOfPage\":{\"@id\":\"https:\/\/www.at2serveis.com\/es\/estrenan-una-ampliacion-en-el-instituto-montsoriu-de-arbucies\/#primaryimage\"},\"image\":{\"@id\":\"https:\/\/www.at2serveis.com\/es\/estrenan-una-ampliacion-en-el-instituto-montsoriu-de-arbucies\/#primaryimage\"},\"thumbnailUrl\":\"https:\/\/www.at2serveis.com\/wp-content\/uploads\/2025\/02\/Captura-de-Pantalla-2025-02-18-a-les-9.22.42.png\",\"datePublished\":\"2025-02-18T08:24:00+00:00\",\"description\":\"Estrenan una ampliaci\u00f3n y ponen fin al cuartel del instituto Montsoriu d'Arbuncies. La educaci\u00f3n ha renovado el centro.\",\"breadcrumb\":{\"@id\":\"https:\/\/www.at2serveis.com\/es\/estrenan-una-ampliacion-en-el-instituto-montsoriu-de-arbucies\/#breadcrumb\"},\"inLanguage\":\"es\",\"potentialAction\":[{\"@type\":\"ReadAction\",\"target\":[\"https:\/\/www.at2serveis.com\/es\/estrenan-una-ampliacion-en-el-instituto-montsoriu-de-arbucies\/\"]}]},{\"@type\":\"ImageObject\",\"inLanguage\":\"es\",\"@id\":\"https:\/\/www.at2serveis.com\/es\/estrenan-una-ampliacion-en-el-instituto-montsoriu-de-arbucies\/#primaryimage\",\"url\":\"https:\/\/www.at2serveis.com\/wp-content\/uploads\/2025\/02\/Captura-de-Pantalla-2025-02-18-a-les-9.22.42.png\",\"contentUrl\":\"https:\/\/www.at2serveis.com\/wp-content\/uploads\/2025\/02\/Captura-de-Pantalla-2025-02-18-a-les-9.22.42.png\",\"width\":549,\"height\":350,\"caption\":\"strenen ampliaci\u00f3 a l\u2019institut Montsoriu d\u2019Arb\u00facies\"},{\"@type\":\"BreadcrumbList\",\"@id\":\"https:\/\/www.at2serveis.com\/es\/estrenan-una-ampliacion-en-el-instituto-montsoriu-de-arbucies\/#breadcrumb\",\"itemListElement\":[{\"@type\":\"ListItem\",\"position\":1,\"name\":\"Inici\",\"item\":\"https:\/\/www.at2serveis.com\/es\/home\/\"},{\"@type\":\"ListItem\",\"position\":2,\"name\":\"Estrenan una ampliaci\u00f3n en el instituto Montsoriu de Arb\u00facies\"}]},{\"@type\":\"WebSite\",\"@id\":\"https:\/\/www.at2serveis.com\/es\/#website\",\"url\":\"https:\/\/www.at2serveis.com\/es\/\",\"name\":\"AT2 SERVEIS\",\"description\":\"Direcci\u00f3 i gesti\u00f3 d&#039;obra\",\"publisher\":{\"@id\":\"https:\/\/www.at2serveis.com\/es\/#organization\"},\"alternateName\":\"AT2 SERVEIS - Gesti\u00f3 en edificaci\u00f3\",\"potentialAction\":[{\"@type\":\"SearchAction\",\"target\":{\"@type\":\"EntryPoint\",\"urlTemplate\":\"https:\/\/www.at2serveis.com\/es\/?s={search_term_string}\"},\"query-input\":{\"@type\":\"PropertyValueSpecification\",\"valueRequired\":true,\"valueName\":\"search_term_string\"}}],\"inLanguage\":\"es\"},{\"@type\":\"Organization\",\"@id\":\"https:\/\/www.at2serveis.com\/es\/#organization\",\"name\":\"AT2 SERVEIS\",\"alternateName\":\"AT2 SERVEIS - Gesti\u00f3 en edificaci\u00f3\",\"url\":\"https:\/\/www.at2serveis.com\/es\/\",\"logo\":{\"@type\":\"ImageObject\",\"inLanguage\":\"es\",\"@id\":\"https:\/\/www.at2serveis.com\/es\/#\/schema\/logo\/image\/\",\"url\":\"https:\/\/www.at2serveis.com\/wp-content\/uploads\/2024\/11\/AT2-Serveis-Navicon.png\",\"contentUrl\":\"https:\/\/www.at2serveis.com\/wp-content\/uploads\/2024\/11\/AT2-Serveis-Navicon.png\",\"width\":512,\"height\":512,\"caption\":\"AT2 SERVEIS\"},\"image\":{\"@id\":\"https:\/\/www.at2serveis.com\/es\/#\/schema\/logo\/image\/\"}},{\"@type\":\"Person\",\"@id\":\"https:\/\/www.at2serveis.com\/es\/#\/schema\/person\/d880ccf36e33aafb9c1149c50b4ead1e\",\"name\":\"Neorg\",\"image\":{\"@type\":\"ImageObject\",\"inLanguage\":\"es\",\"@id\":\"https:\/\/www.at2serveis.com\/es\/#\/schema\/person\/image\/\",\"url\":\"https:\/\/secure.gravatar.com\/avatar\/8b62859790ec9b99d5af85f2fb7ca70932b367800f46b4fdf7903543fccbfd72?s=96&d=mm&r=g\",\"contentUrl\":\"https:\/\/secure.gravatar.com\/avatar\/8b62859790ec9b99d5af85f2fb7ca70932b367800f46b4fdf7903543fccbfd72?s=96&d=mm&r=g\",\"caption\":\"Neorg\"},\"sameAs\":[\"https:\/\/www.at2serveis.com\"]}]}<\/script>\n<!-- \/ Yoast SEO plugin. -->","yoast_head_json":{"title":"Estrenan una ampliaci\u00f3n en el instituto Montsoriu de Arb\u00facies | AT2 SERVEIS","description":"Estrenan una ampliaci\u00f3n y ponen fin al cuartel del instituto Montsoriu d'Arbuncies. La educaci\u00f3n ha renovado el centro.","robots":{"index":"index","follow":"follow","max-snippet":"max-snippet:-1","max-image-preview":"max-image-preview:large","max-video-preview":"max-video-preview:-1"},"canonical":"https:\/\/www.at2serveis.com\/es\/estrenan-una-ampliacion-en-el-instituto-montsoriu-de-arbucies\/","og_locale":"es_ES","og_type":"article","og_title":"Estrenan una ampliaci\u00f3n en el instituto Montsoriu de Arb\u00facies | AT2 SERVEIS","og_description":"Estrenan una ampliaci\u00f3n y ponen fin al cuartel del instituto Montsoriu d'Arbuncies. La educaci\u00f3n ha renovado el centro.","og_url":"https:\/\/www.at2serveis.com\/es\/estrenan-una-ampliacion-en-el-instituto-montsoriu-de-arbucies\/","og_site_name":"AT2 SERVEIS","article_published_time":"2025-02-18T08:24:00+00:00","og_image":[{"width":549,"height":350,"url":"https:\/\/www.at2serveis.com\/wp-content\/uploads\/2025\/02\/Captura-de-Pantalla-2025-02-18-a-les-9.22.42.png","type":"image\/png"}],"author":"Neorg","twitter_card":"summary_large_image","twitter_misc":{"Escrito por":"Neorg"},"schema":{"@context":"https:\/\/schema.org","@graph":[{"@type":"Article","@id":"https:\/\/www.at2serveis.com\/es\/estrenan-una-ampliacion-en-el-instituto-montsoriu-de-arbucies\/#article","isPartOf":{"@id":"https:\/\/www.at2serveis.com\/es\/estrenan-una-ampliacion-en-el-instituto-montsoriu-de-arbucies\/"},"author":{"name":"Neorg","@id":"https:\/\/www.at2serveis.com\/es\/#\/schema\/person\/d880ccf36e33aafb9c1149c50b4ead1e"},"headline":"Estrenan una ampliaci\u00f3n en el instituto Montsoriu de Arb\u00facies","datePublished":"2025-02-18T08:24:00+00:00","mainEntityOfPage":{"@id":"https:\/\/www.at2serveis.com\/es\/estrenan-una-ampliacion-en-el-instituto-montsoriu-de-arbucies\/"},"wordCount":86,"publisher":{"@id":"https:\/\/www.at2serveis.com\/es\/#organization"},"image":{"@id":"https:\/\/www.at2serveis.com\/es\/estrenan-una-ampliacion-en-el-instituto-montsoriu-de-arbucies\/#primaryimage"},"thumbnailUrl":"https:\/\/www.at2serveis.com\/wp-content\/uploads\/2025\/02\/Captura-de-Pantalla-2025-02-18-a-les-9.22.42.png","articleSection":["Sin categorizar"],"inLanguage":"es"},{"@type":"WebPage","@id":"https:\/\/www.at2serveis.com\/es\/estrenan-una-ampliacion-en-el-instituto-montsoriu-de-arbucies\/","url":"https:\/\/www.at2serveis.com\/es\/estrenan-una-ampliacion-en-el-instituto-montsoriu-de-arbucies\/","name":"Estrenan una ampliaci\u00f3n en el instituto Montsoriu de Arb\u00facies | AT2 SERVEIS","isPartOf":{"@id":"https:\/\/www.at2serveis.com\/es\/#website"},"primaryImageOfPage":{"@id":"https:\/\/www.at2serveis.com\/es\/estrenan-una-ampliacion-en-el-instituto-montsoriu-de-arbucies\/#primaryimage"},"image":{"@id":"https:\/\/www.at2serveis.com\/es\/estrenan-una-ampliacion-en-el-instituto-montsoriu-de-arbucies\/#primaryimage"},"thumbnailUrl":"https:\/\/www.at2serveis.com\/wp-content\/uploads\/2025\/02\/Captura-de-Pantalla-2025-02-18-a-les-9.22.42.png","datePublished":"2025-02-18T08:24:00+00:00","description":"Estrenan una ampliaci\u00f3n y ponen fin al cuartel del instituto Montsoriu d'Arbuncies. La educaci\u00f3n ha renovado el centro.","breadcrumb":{"@id":"https:\/\/www.at2serveis.com\/es\/estrenan-una-ampliacion-en-el-instituto-montsoriu-de-arbucies\/#breadcrumb"},"inLanguage":"es","potentialAction":[{"@type":"ReadAction","target":["https:\/\/www.at2serveis.com\/es\/estrenan-una-ampliacion-en-el-instituto-montsoriu-de-arbucies\/"]}]},{"@type":"ImageObject","inLanguage":"es","@id":"https:\/\/www.at2serveis.com\/es\/estrenan-una-ampliacion-en-el-instituto-montsoriu-de-arbucies\/#primaryimage","url":"https:\/\/www.at2serveis.com\/wp-content\/uploads\/2025\/02\/Captura-de-Pantalla-2025-02-18-a-les-9.22.42.png","contentUrl":"https:\/\/www.at2serveis.com\/wp-content\/uploads\/2025\/02\/Captura-de-Pantalla-2025-02-18-a-les-9.22.42.png","width":549,"height":350,"caption":"strenen ampliaci\u00f3 a l\u2019institut Montsoriu d\u2019Arb\u00facies"},{"@type":"BreadcrumbList","@id":"https:\/\/www.at2serveis.com\/es\/estrenan-una-ampliacion-en-el-instituto-montsoriu-de-arbucies\/#breadcrumb","itemListElement":[{"@type":"ListItem","position":1,"name":"Inici","item":"https:\/\/www.at2serveis.com\/es\/home\/"},{"@type":"ListItem","position":2,"name":"Estrenan una ampliaci\u00f3n en el instituto Montsoriu de Arb\u00facies"}]},{"@type":"WebSite","@id":"https:\/\/www.at2serveis.com\/es\/#website","url":"https:\/\/www.at2serveis.com\/es\/","name":"AT2 SERVEIS","description":"Direcci\u00f3 i gesti\u00f3 d&#039;obra","publisher":{"@id":"https:\/\/www.at2serveis.com\/es\/#organization"},"alternateName":"AT2 SERVEIS - Gesti\u00f3 en edificaci\u00f3","potentialAction":[{"@type":"SearchAction","target":{"@type":"EntryPoint","urlTemplate":"https:\/\/www.at2serveis.com\/es\/?s={search_term_string}"},"query-input":{"@type":"PropertyValueSpecification","valueRequired":true,"valueName":"search_term_string"}}],"inLanguage":"es"},{"@type":"Organization","@id":"https:\/\/www.at2serveis.com\/es\/#organization","name":"AT2 SERVEIS","alternateName":"AT2 SERVEIS - Gesti\u00f3 en edificaci\u00f3","url":"https:\/\/www.at2serveis.com\/es\/","logo":{"@type":"ImageObject","inLanguage":"es","@id":"https:\/\/www.at2serveis.com\/es\/#\/schema\/logo\/image\/","url":"https:\/\/www.at2serveis.com\/wp-content\/uploads\/2024\/11\/AT2-Serveis-Navicon.png","contentUrl":"https:\/\/www.at2serveis.com\/wp-content\/uploads\/2024\/11\/AT2-Serveis-Navicon.png","width":512,"height":512,"caption":"AT2 SERVEIS"},"image":{"@id":"https:\/\/www.at2serveis.com\/es\/#\/schema\/logo\/image\/"}},{"@type":"Person","@id":"https:\/\/www.at2serveis.com\/es\/#\/schema\/person\/d880ccf36e33aafb9c1149c50b4ead1e","name":"Neorg","image":{"@type":"ImageObject","inLanguage":"es","@id":"https:\/\/www.at2serveis.com\/es\/#\/schema\/person\/image\/","url":"https:\/\/secure.gravatar.com\/avatar\/8b62859790ec9b99d5af85f2fb7ca70932b367800f46b4fdf7903543fccbfd72?s=96&d=mm&r=g","contentUrl":"https:\/\/secure.gravatar.com\/avatar\/8b62859790ec9b99d5af85f2fb7ca70932b367800f46b4fdf7903543fccbfd72?s=96&d=mm&r=g","caption":"Neorg"},"sameAs":["https:\/\/www.at2serveis.com"]}]}},"_links":{"self":[{"href":"https:\/\/www.at2serveis.com\/es\/wp-json\/wp\/v2\/posts\/1818","targetHints":{"allow":["GET"]}}],"collection":[{"href":"https:\/\/www.at2serveis.com\/es\/wp-json\/wp\/v2\/posts"}],"about":[{"href":"https:\/\/www.at2serveis.com\/es\/wp-json\/wp\/v2\/types\/post"}],"author":[{"embeddable":true,"href":"https:\/\/www.at2serveis.com\/es\/wp-json\/wp\/v2\/users\/1"}],"replies":[{"embeddable":true,"href":"https:\/\/www.at2serveis.com\/es\/wp-json\/wp\/v2\/comments?post=1818"}],"version-history":[{"count":0,"href":"https:\/\/www.at2serveis.com\/es\/wp-json\/wp\/v2\/posts\/1818\/revisions"}],"wp:featuredmedia":[{"embeddable":true,"href":"https:\/\/www.at2serveis.com\/es\/wp-json\/wp\/v2\/media\/1754"}],"wp:attachment":[{"href":"https:\/\/www.at2serveis.com\/es\/wp-json\/wp\/v2\/media?parent=1818"}],"wp:term":[{"taxonomy":"category","embeddable":true,"href":"https:\/\/www.at2serveis.com\/es\/wp-json\/wp\/v2\/categories?post=1818"},{"taxonomy":"post_tag","embeddable":true,"href":"https:\/\/www.at2serveis.com\/es\/wp-json\/wp\/v2\/tags?post=1818"}],"curies":[{"name":"wp","href":"https:\/\/api.w.org\/{rel}","templated":true}]}}